{"id":1743,"date":"2020-07-01T07:15:00","date_gmt":"2020-07-01T05:15:00","guid":{"rendered":"https:\/\/blog.eoipso.it\/?p=1743"},"modified":"2020-07-01T14:34:44","modified_gmt":"2020-07-01T12:34:44","slug":"covid19-un-uragano-si-e-abbattuto-sulla-leadership-come-uscirne","status":"publish","type":"post","link":"https:\/\/blog.eoipso.it\/index.php\/2020\/07\/01\/covid19-un-uragano-si-e-abbattuto-sulla-leadership-come-uscirne\/","title":{"rendered":"Covid19 &#8211; Un uragano si \u00e8 abbattuto sulla leadership, come uscirne"},"content":{"rendered":"\n<p>Tutto \u00e8 cambiato. Siamo stati messi alla prova, come mai avremmo immaginato. Il coronavirus \u00e8 stato come un uragano devastante, che ha messo a dura prova le capacit\u00e0 di leadership, non solo dei politici, ma anche di manager e amministratori delegati. <\/p>\n\n\n\n<p>Non ci sono manuali per affrontare quello che sta succedendo, per affrontare un&#8217;emergenza sanitaria globale: nessuna sceneggiatura ci ha suggerito cosa dire ai membri del proprio team, ai clienti e a tutti quelli che hanno a che fare con la vostra azienda. <\/p>\n\n\n\n<p>E&#8217; stata sfidata la nostra residenza come essere umani, non solo per le restrizioni che ci sono state imposte. Siamo prima di tutto persone ed \u00e8 bene ricordarlo sempre nelle nostre comunicazioni. Parliamo non solo di business, ma anche delle nostre difficolt\u00e0 personali, siamo trasparenti, ma comunichiamo nel contempo anche fiducia, parliamo delle strategie che stiamo adottando per uscire dalla crisi anche con i nostri dipendenti. I grandi leader sono quelli che rispondono con empatia e vulnerabilit\u00e0 anche quando prendono le decisioni pi\u00f9 difficili.<\/p>\n\n\n\n<p>Come fare?<\/p>\n\n\n\n<p>Non smettete di comunicare. Come azienda informiamo periodicamente il nostro team su come stanno andando gli affari, senza nascondere le criticit\u00e0, ma mostrando anche le azioni messe in campo per uscirne. Siamo sempre disponibili a rispondere alle domande di tutti. Grandi o piccole le aziende non possono prescindere da una comunicazione corretta e concreta. Il messaggio pi\u00f9 importante \u00e8 come abbracciare la nuova normalit\u00e0, che stiamo vivendo per l&#8217;intero team.<\/p>\n\n\n\n<p>Senza essere banali iniziamo a pensare positivo, i problemi vanno affrontati, iniziamo a vedere come uscirne e quali sono i nostri punti forza. Sembrer\u00e0 semplicistico, ma il primo passo \u00e8 sempre cambiare il nostro modo di pensare. Ogni giorno scegliamo l&#8217;atteggiamento che vogliamo avere sul lavoro e nella vita: pensiamo positivo. <\/p>\n\n\n\n<p>Teniamo dei report su come sono stati affrontati i singoli problemi, bastano poche parole, non serve scrivere una tesi di laurea, aiuter\u00e0 ad avere una base per affrontare crisi future, se abbiamo trovato una strategia che funziona possiamo ripeterla, e nel contempo  aiuter\u00e0 a non reiterare gli inevitabili errori commessi, se proprio dobbiamo farne \u00e8 meglio essere creativi e  &#8220;provarne&#8221; di nuovi. <\/p>\n\n\n\n<p class=\"has-text-align-right\"><em>Chiara Porta<\/em><\/p>\n\n\n\n<p class=\"has-text-align-right\"><em>Direttore Responsabile dell&#8217;agenzia di comunicazione Eo Ipso (<a href=\"http:\/\/www.eoipso.it\/\">www.eoipso.it<\/a>)<\/em><\/p>\n","protected":false},"excerpt":{"rendered":"<p>Tutto \u00e8 cambiato. Siamo stati messi alla prova, come mai avremmo immaginato. Il coronavirus \u00e8 stato come un uragano devastante, che ha messo a dura prova le capacit\u00e0 di leadership, non solo dei politici, ma anche di manager e amministratori [&hellip;]<\/p>\n","protected":false},"author":2,"featured_media":1750,"comment_status":"open","ping_status":"open","sticky":false,"template":"","format":"standard","meta":{"footnotes":""},"categories":[32],"tags":[56,275,280,261,74,36,303,55,52,304,283,43,83],"class_list":["post-1743","post","type-post","status-publish","format-standard","has-post-thumbnail","hentry","category-leadership","tag-azienda","tag-ceo","tag-coronavirus","tag-covid19","tag-crisi","tag-economia","tag-errori","tag-lavoro","tag-leadership","tag-lezione","tag-manager","tag-marketing","tag-societa"],"yoast_head":"<!-- This site is optimized with the Yoast SEO plugin v27.5 - https:\/\/yoast.com\/product\/yoast-seo-wordpress\/ -->\n<title>Covid19 - Un uragano si \u00e8 abbattuto sulla leadership, come uscirne - Eo Ipso | Blog<\/title>\n<meta name=\"robots\" content=\"index, follow, max-snippet:-1, max-image-preview:large, max-video-preview:-1\" \/>\n<link rel=\"canonical\" href=\"https:\/\/blog.eoipso.it\/index.php\/2020\/07\/01\/covid19-un-uragano-si-e-abbattuto-sulla-leadership-come-uscirne\/\" \/>\n<meta property=\"og:locale\" content=\"it_IT\" \/>\n<meta property=\"og:type\" content=\"article\" \/>\n<meta property=\"og:title\" content=\"Covid19 - Un uragano si \u00e8 abbattuto sulla leadership, come uscirne - Eo Ipso | Blog\" \/>\n<meta property=\"og:description\" content=\"Tutto \u00e8 cambiato. Siamo stati messi alla prova, come mai avremmo immaginato. Il coronavirus \u00e8 stato come un uragano devastante, che ha messo a dura prova le capacit\u00e0 di leadership, non solo dei politici, ma anche di manager e amministratori [&hellip;]\" \/>\n<meta property=\"og:url\" content=\"https:\/\/blog.eoipso.it\/index.php\/2020\/07\/01\/covid19-un-uragano-si-e-abbattuto-sulla-leadership-come-uscirne\/\" \/>\n<meta property=\"og:site_name\" content=\"Eo Ipso | Blog\" \/>\n<meta property=\"article:publisher\" content=\"https:\/\/www.facebook.com\/eoipsocomunicazione\/\" \/>\n<meta property=\"article:published_time\" content=\"2020-07-01T05:15:00+00:00\" \/>\n<meta property=\"article:modified_time\" content=\"2020-07-01T12:34:44+00:00\" \/>\n<meta property=\"og:image\" content=\"https:\/\/blog.eoipso.it\/wp-content\/uploads\/2020\/07\/67B11ADA-EEEA-F02E-55C9790FF1CFA6AD.jpeg\" \/>\n\t<meta property=\"og:image:width\" content=\"1280\" \/>\n\t<meta property=\"og:image:height\" content=\"720\" \/>\n\t<meta property=\"og:image:type\" content=\"image\/jpeg\" \/>\n<meta name=\"author\" content=\"Chiara Porta\" \/>\n<meta name=\"twitter:card\" content=\"summary_large_image\" \/>\n<meta name=\"twitter:creator\" content=\"@EoipsoUffstampa\" \/>\n<meta name=\"twitter:site\" content=\"@EoipsoUffstampa\" \/>\n<meta name=\"twitter:label1\" content=\"Scritto da\" \/>\n\t<meta name=\"twitter:data1\" content=\"Chiara Porta\" \/>\n\t<meta name=\"twitter:label2\" content=\"Tempo di lettura stimato\" \/>\n\t<meta name=\"twitter:data2\" content=\"2 minuti\" \/>\n<script type=\"application\/ld+json\" class=\"yoast-schema-graph\">{\"@context\":\"https:\\\/\\\/schema.org\",\"@graph\":[{\"@type\":\"Article\",\"@id\":\"https:\\\/\\\/blog.eoipso.it\\\/index.php\\\/2020\\\/07\\\/01\\\/covid19-un-uragano-si-e-abbattuto-sulla-leadership-come-uscirne\\\/#article\",\"isPartOf\":{\"@id\":\"https:\\\/\\\/blog.eoipso.it\\\/index.php\\\/2020\\\/07\\\/01\\\/covid19-un-uragano-si-e-abbattuto-sulla-leadership-come-uscirne\\\/\"},\"author\":{\"name\":\"Chiara Porta\",\"@id\":\"https:\\\/\\\/blog.eoipso.it\\\/#\\\/schema\\\/person\\\/72b036bde4c0750367455bda01248421\"},\"headline\":\"Covid19 &#8211; Un uragano si \u00e8 abbattuto sulla leadership, come uscirne\",\"datePublished\":\"2020-07-01T05:15:00+00:00\",\"dateModified\":\"2020-07-01T12:34:44+00:00\",\"mainEntityOfPage\":{\"@id\":\"https:\\\/\\\/blog.eoipso.it\\\/index.php\\\/2020\\\/07\\\/01\\\/covid19-un-uragano-si-e-abbattuto-sulla-leadership-come-uscirne\\\/\"},\"wordCount\":368,\"commentCount\":0,\"publisher\":{\"@id\":\"https:\\\/\\\/blog.eoipso.it\\\/#organization\"},\"image\":{\"@id\":\"https:\\\/\\\/blog.eoipso.it\\\/index.php\\\/2020\\\/07\\\/01\\\/covid19-un-uragano-si-e-abbattuto-sulla-leadership-come-uscirne\\\/#primaryimage\"},\"thumbnailUrl\":\"https:\\\/\\\/blog.eoipso.it\\\/wp-content\\\/uploads\\\/2020\\\/07\\\/67B11ADA-EEEA-F02E-55C9790FF1CFA6AD.jpeg\",\"keywords\":[\"azienda\",\"ceo\",\"coronavirus\",\"covid19\",\"crisi\",\"economia\",\"errori\",\"lavoro\",\"leadership\",\"lezione\",\"manager\",\"marketing\",\"societ\u00e0\"],\"articleSection\":[\"Leadership\"],\"inLanguage\":\"it-IT\",\"potentialAction\":[{\"@type\":\"CommentAction\",\"name\":\"Comment\",\"target\":[\"https:\\\/\\\/blog.eoipso.it\\\/index.php\\\/2020\\\/07\\\/01\\\/covid19-un-uragano-si-e-abbattuto-sulla-leadership-come-uscirne\\\/#respond\"]}]},{\"@type\":\"WebPage\",\"@id\":\"https:\\\/\\\/blog.eoipso.it\\\/index.php\\\/2020\\\/07\\\/01\\\/covid19-un-uragano-si-e-abbattuto-sulla-leadership-come-uscirne\\\/\",\"url\":\"https:\\\/\\\/blog.eoipso.it\\\/index.php\\\/2020\\\/07\\\/01\\\/covid19-un-uragano-si-e-abbattuto-sulla-leadership-come-uscirne\\\/\",\"name\":\"Covid19 - Un uragano si \u00e8 abbattuto sulla leadership, come uscirne - Eo Ipso | Blog\",\"isPartOf\":{\"@id\":\"https:\\\/\\\/blog.eoipso.it\\\/#website\"},\"primaryImageOfPage\":{\"@id\":\"https:\\\/\\\/blog.eoipso.it\\\/index.php\\\/2020\\\/07\\\/01\\\/covid19-un-uragano-si-e-abbattuto-sulla-leadership-come-uscirne\\\/#primaryimage\"},\"image\":{\"@id\":\"https:\\\/\\\/blog.eoipso.it\\\/index.php\\\/2020\\\/07\\\/01\\\/covid19-un-uragano-si-e-abbattuto-sulla-leadership-come-uscirne\\\/#primaryimage\"},\"thumbnailUrl\":\"https:\\\/\\\/blog.eoipso.it\\\/wp-content\\\/uploads\\\/2020\\\/07\\\/67B11ADA-EEEA-F02E-55C9790FF1CFA6AD.jpeg\",\"datePublished\":\"2020-07-01T05:15:00+00:00\",\"dateModified\":\"2020-07-01T12:34:44+00:00\",\"breadcrumb\":{\"@id\":\"https:\\\/\\\/blog.eoipso.it\\\/index.php\\\/2020\\\/07\\\/01\\\/covid19-un-uragano-si-e-abbattuto-sulla-leadership-come-uscirne\\\/#breadcrumb\"},\"inLanguage\":\"it-IT\",\"potentialAction\":[{\"@type\":\"ReadAction\",\"target\":[\"https:\\\/\\\/blog.eoipso.it\\\/index.php\\\/2020\\\/07\\\/01\\\/covid19-un-uragano-si-e-abbattuto-sulla-leadership-come-uscirne\\\/\"]}]},{\"@type\":\"ImageObject\",\"inLanguage\":\"it-IT\",\"@id\":\"https:\\\/\\\/blog.eoipso.it\\\/index.php\\\/2020\\\/07\\\/01\\\/covid19-un-uragano-si-e-abbattuto-sulla-leadership-come-uscirne\\\/#primaryimage\",\"url\":\"https:\\\/\\\/blog.eoipso.it\\\/wp-content\\\/uploads\\\/2020\\\/07\\\/67B11ADA-EEEA-F02E-55C9790FF1CFA6AD.jpeg\",\"contentUrl\":\"https:\\\/\\\/blog.eoipso.it\\\/wp-content\\\/uploads\\\/2020\\\/07\\\/67B11ADA-EEEA-F02E-55C9790FF1CFA6AD.jpeg\",\"width\":1280,\"height\":720},{\"@type\":\"BreadcrumbList\",\"@id\":\"https:\\\/\\\/blog.eoipso.it\\\/index.php\\\/2020\\\/07\\\/01\\\/covid19-un-uragano-si-e-abbattuto-sulla-leadership-come-uscirne\\\/#breadcrumb\",\"itemListElement\":[{\"@type\":\"ListItem\",\"position\":1,\"name\":\"Home\",\"item\":\"https:\\\/\\\/blog.eoipso.it\\\/\"},{\"@type\":\"ListItem\",\"position\":2,\"name\":\"Covid19 &#8211; Un uragano si \u00e8 abbattuto sulla leadership, come uscirne\"}]},{\"@type\":\"WebSite\",\"@id\":\"https:\\\/\\\/blog.eoipso.it\\\/#website\",\"url\":\"https:\\\/\\\/blog.eoipso.it\\\/\",\"name\":\"Eo Ipso | Blog\",\"description\":\"\",\"publisher\":{\"@id\":\"https:\\\/\\\/blog.eoipso.it\\\/#organization\"},\"potentialAction\":[{\"@type\":\"SearchAction\",\"target\":{\"@type\":\"EntryPoint\",\"urlTemplate\":\"https:\\\/\\\/blog.eoipso.it\\\/?s={search_term_string}\"},\"query-input\":{\"@type\":\"PropertyValueSpecification\",\"valueRequired\":true,\"valueName\":\"search_term_string\"}}],\"inLanguage\":\"it-IT\"},{\"@type\":\"Organization\",\"@id\":\"https:\\\/\\\/blog.eoipso.it\\\/#organization\",\"name\":\"Eo Ipso\",\"url\":\"https:\\\/\\\/blog.eoipso.it\\\/\",\"logo\":{\"@type\":\"ImageObject\",\"inLanguage\":\"it-IT\",\"@id\":\"https:\\\/\\\/blog.eoipso.it\\\/#\\\/schema\\\/logo\\\/image\\\/\",\"url\":\"https:\\\/\\\/blog.eoipso.it\\\/wp-content\\\/uploads\\\/2018\\\/11\\\/LogoEoipso3.png\",\"contentUrl\":\"https:\\\/\\\/blog.eoipso.it\\\/wp-content\\\/uploads\\\/2018\\\/11\\\/LogoEoipso3.png\",\"width\":750,\"height\":450,\"caption\":\"Eo Ipso\"},\"image\":{\"@id\":\"https:\\\/\\\/blog.eoipso.it\\\/#\\\/schema\\\/logo\\\/image\\\/\"},\"sameAs\":[\"https:\\\/\\\/www.facebook.com\\\/eoipsocomunicazione\\\/\",\"https:\\\/\\\/x.com\\\/EoipsoUffstampa\",\"https:\\\/\\\/www.youtube.com\\\/channel\\\/UC4NS2k_VSfmLY8NkKwys7kw\"]},{\"@type\":\"Person\",\"@id\":\"https:\\\/\\\/blog.eoipso.it\\\/#\\\/schema\\\/person\\\/72b036bde4c0750367455bda01248421\",\"name\":\"Chiara Porta\",\"sameAs\":[\"http:\\\/\\\/www.eoipso.it\\\/\"]}]}<\/script>\n<!-- \/ Yoast SEO plugin. -->","yoast_head_json":{"title":"Covid19 - Un uragano si \u00e8 abbattuto sulla leadership, come uscirne - Eo Ipso | Blog","robots":{"index":"index","follow":"follow","max-snippet":"max-snippet:-1","max-image-preview":"max-image-preview:large","max-video-preview":"max-video-preview:-1"},"canonical":"https:\/\/blog.eoipso.it\/index.php\/2020\/07\/01\/covid19-un-uragano-si-e-abbattuto-sulla-leadership-come-uscirne\/","og_locale":"it_IT","og_type":"article","og_title":"Covid19 - Un uragano si \u00e8 abbattuto sulla leadership, come uscirne - Eo Ipso | Blog","og_description":"Tutto \u00e8 cambiato. Siamo stati messi alla prova, come mai avremmo immaginato. Il coronavirus \u00e8 stato come un uragano devastante, che ha messo a dura prova le capacit\u00e0 di leadership, non solo dei politici, ma anche di manager e amministratori [&hellip;]","og_url":"https:\/\/blog.eoipso.it\/index.php\/2020\/07\/01\/covid19-un-uragano-si-e-abbattuto-sulla-leadership-come-uscirne\/","og_site_name":"Eo Ipso | Blog","article_publisher":"https:\/\/www.facebook.com\/eoipsocomunicazione\/","article_published_time":"2020-07-01T05:15:00+00:00","article_modified_time":"2020-07-01T12:34:44+00:00","og_image":[{"width":1280,"height":720,"url":"https:\/\/blog.eoipso.it\/wp-content\/uploads\/2020\/07\/67B11ADA-EEEA-F02E-55C9790FF1CFA6AD.jpeg","type":"image\/jpeg"}],"author":"Chiara Porta","twitter_card":"summary_large_image","twitter_creator":"@EoipsoUffstampa","twitter_site":"@EoipsoUffstampa","twitter_misc":{"Scritto da":"Chiara Porta","Tempo di lettura stimato":"2 minuti"},"schema":{"@context":"https:\/\/schema.org","@graph":[{"@type":"Article","@id":"https:\/\/blog.eoipso.it\/index.php\/2020\/07\/01\/covid19-un-uragano-si-e-abbattuto-sulla-leadership-come-uscirne\/#article","isPartOf":{"@id":"https:\/\/blog.eoipso.it\/index.php\/2020\/07\/01\/covid19-un-uragano-si-e-abbattuto-sulla-leadership-come-uscirne\/"},"author":{"name":"Chiara Porta","@id":"https:\/\/blog.eoipso.it\/#\/schema\/person\/72b036bde4c0750367455bda01248421"},"headline":"Covid19 &#8211; Un uragano si \u00e8 abbattuto sulla leadership, come uscirne","datePublished":"2020-07-01T05:15:00+00:00","dateModified":"2020-07-01T12:34:44+00:00","mainEntityOfPage":{"@id":"https:\/\/blog.eoipso.it\/index.php\/2020\/07\/01\/covid19-un-uragano-si-e-abbattuto-sulla-leadership-come-uscirne\/"},"wordCount":368,"commentCount":0,"publisher":{"@id":"https:\/\/blog.eoipso.it\/#organization"},"image":{"@id":"https:\/\/blog.eoipso.it\/index.php\/2020\/07\/01\/covid19-un-uragano-si-e-abbattuto-sulla-leadership-come-uscirne\/#primaryimage"},"thumbnailUrl":"https:\/\/blog.eoipso.it\/wp-content\/uploads\/2020\/07\/67B11ADA-EEEA-F02E-55C9790FF1CFA6AD.jpeg","keywords":["azienda","ceo","coronavirus","covid19","crisi","economia","errori","lavoro","leadership","lezione","manager","marketing","societ\u00e0"],"articleSection":["Leadership"],"inLanguage":"it-IT","potentialAction":[{"@type":"CommentAction","name":"Comment","target":["https:\/\/blog.eoipso.it\/index.php\/2020\/07\/01\/covid19-un-uragano-si-e-abbattuto-sulla-leadership-come-uscirne\/#respond"]}]},{"@type":"WebPage","@id":"https:\/\/blog.eoipso.it\/index.php\/2020\/07\/01\/covid19-un-uragano-si-e-abbattuto-sulla-leadership-come-uscirne\/","url":"https:\/\/blog.eoipso.it\/index.php\/2020\/07\/01\/covid19-un-uragano-si-e-abbattuto-sulla-leadership-come-uscirne\/","name":"Covid19 - Un uragano si \u00e8 abbattuto sulla leadership, come uscirne - Eo Ipso | Blog","isPartOf":{"@id":"https:\/\/blog.eoipso.it\/#website"},"primaryImageOfPage":{"@id":"https:\/\/blog.eoipso.it\/index.php\/2020\/07\/01\/covid19-un-uragano-si-e-abbattuto-sulla-leadership-come-uscirne\/#primaryimage"},"image":{"@id":"https:\/\/blog.eoipso.it\/index.php\/2020\/07\/01\/covid19-un-uragano-si-e-abbattuto-sulla-leadership-come-uscirne\/#primaryimage"},"thumbnailUrl":"https:\/\/blog.eoipso.it\/wp-content\/uploads\/2020\/07\/67B11ADA-EEEA-F02E-55C9790FF1CFA6AD.jpeg","datePublished":"2020-07-01T05:15:00+00:00","dateModified":"2020-07-01T12:34:44+00:00","breadcrumb":{"@id":"https:\/\/blog.eoipso.it\/index.php\/2020\/07\/01\/covid19-un-uragano-si-e-abbattuto-sulla-leadership-come-uscirne\/#breadcrumb"},"inLanguage":"it-IT","potentialAction":[{"@type":"ReadAction","target":["https:\/\/blog.eoipso.it\/index.php\/2020\/07\/01\/covid19-un-uragano-si-e-abbattuto-sulla-leadership-come-uscirne\/"]}]},{"@type":"ImageObject","inLanguage":"it-IT","@id":"https:\/\/blog.eoipso.it\/index.php\/2020\/07\/01\/covid19-un-uragano-si-e-abbattuto-sulla-leadership-come-uscirne\/#primaryimage","url":"https:\/\/blog.eoipso.it\/wp-content\/uploads\/2020\/07\/67B11ADA-EEEA-F02E-55C9790FF1CFA6AD.jpeg","contentUrl":"https:\/\/blog.eoipso.it\/wp-content\/uploads\/2020\/07\/67B11ADA-EEEA-F02E-55C9790FF1CFA6AD.jpeg","width":1280,"height":720},{"@type":"BreadcrumbList","@id":"https:\/\/blog.eoipso.it\/index.php\/2020\/07\/01\/covid19-un-uragano-si-e-abbattuto-sulla-leadership-come-uscirne\/#breadcrumb","itemListElement":[{"@type":"ListItem","position":1,"name":"Home","item":"https:\/\/blog.eoipso.it\/"},{"@type":"ListItem","position":2,"name":"Covid19 &#8211; Un uragano si \u00e8 abbattuto sulla leadership, come uscirne"}]},{"@type":"WebSite","@id":"https:\/\/blog.eoipso.it\/#website","url":"https:\/\/blog.eoipso.it\/","name":"Eo Ipso | Blog","description":"","publisher":{"@id":"https:\/\/blog.eoipso.it\/#organization"},"potentialAction":[{"@type":"SearchAction","target":{"@type":"EntryPoint","urlTemplate":"https:\/\/blog.eoipso.it\/?s={search_term_string}"},"query-input":{"@type":"PropertyValueSpecification","valueRequired":true,"valueName":"search_term_string"}}],"inLanguage":"it-IT"},{"@type":"Organization","@id":"https:\/\/blog.eoipso.it\/#organization","name":"Eo Ipso","url":"https:\/\/blog.eoipso.it\/","logo":{"@type":"ImageObject","inLanguage":"it-IT","@id":"https:\/\/blog.eoipso.it\/#\/schema\/logo\/image\/","url":"https:\/\/blog.eoipso.it\/wp-content\/uploads\/2018\/11\/LogoEoipso3.png","contentUrl":"https:\/\/blog.eoipso.it\/wp-content\/uploads\/2018\/11\/LogoEoipso3.png","width":750,"height":450,"caption":"Eo Ipso"},"image":{"@id":"https:\/\/blog.eoipso.it\/#\/schema\/logo\/image\/"},"sameAs":["https:\/\/www.facebook.com\/eoipsocomunicazione\/","https:\/\/x.com\/EoipsoUffstampa","https:\/\/www.youtube.com\/channel\/UC4NS2k_VSfmLY8NkKwys7kw"]},{"@type":"Person","@id":"https:\/\/blog.eoipso.it\/#\/schema\/person\/72b036bde4c0750367455bda01248421","name":"Chiara Porta","sameAs":["http:\/\/www.eoipso.it\/"]}]}},"_links":{"self":[{"href":"https:\/\/blog.eoipso.it\/index.php\/wp-json\/wp\/v2\/posts\/1743","targetHints":{"allow":["GET"]}}],"collection":[{"href":"https:\/\/blog.eoipso.it\/index.php\/wp-json\/wp\/v2\/posts"}],"about":[{"href":"https:\/\/blog.eoipso.it\/index.php\/wp-json\/wp\/v2\/types\/post"}],"author":[{"embeddable":true,"href":"https:\/\/blog.eoipso.it\/index.php\/wp-json\/wp\/v2\/users\/2"}],"replies":[{"embeddable":true,"href":"https:\/\/blog.eoipso.it\/index.php\/wp-json\/wp\/v2\/comments?post=1743"}],"version-history":[{"count":2,"href":"https:\/\/blog.eoipso.it\/index.php\/wp-json\/wp\/v2\/posts\/1743\/revisions"}],"predecessor-version":[{"id":1746,"href":"https:\/\/blog.eoipso.it\/index.php\/wp-json\/wp\/v2\/posts\/1743\/revisions\/1746"}],"wp:featuredmedia":[{"embeddable":true,"href":"https:\/\/blog.eoipso.it\/index.php\/wp-json\/wp\/v2\/media\/1750"}],"wp:attachment":[{"href":"https:\/\/blog.eoipso.it\/index.php\/wp-json\/wp\/v2\/media?parent=1743"}],"wp:term":[{"taxonomy":"category","embeddable":true,"href":"https:\/\/blog.eoipso.it\/index.php\/wp-json\/wp\/v2\/categories?post=1743"},{"taxonomy":"post_tag","embeddable":true,"href":"https:\/\/blog.eoipso.it\/index.php\/wp-json\/wp\/v2\/tags?post=1743"}],"curies":[{"name":"wp","href":"https:\/\/api.w.org\/{rel}","templated":true}]}}