{"id":1760,"date":"2020-07-06T07:32:00","date_gmt":"2020-07-06T05:32:00","guid":{"rendered":"https:\/\/blog.eoipso.it\/?p=1760"},"modified":"2020-07-05T11:21:58","modified_gmt":"2020-07-05T09:21:58","slug":"social-aziendali-vanno-scelti-con-cura-e-seguiti","status":"publish","type":"post","link":"https:\/\/blog.eoipso.it\/index.php\/2020\/07\/06\/social-aziendali-vanno-scelti-con-cura-e-seguiti\/","title":{"rendered":"Social aziendali: vanno scelti con cura e seguiti"},"content":{"rendered":"\n<p>Non \u00e8 possibile a spesso non \u00e8 utile essere ovunque. Una famosa regola del marketing recita: &#8220;essere dove tutti sono&#8221;, ma ai tempi dei social media non sempre \u00e8 cos\u00ec. Che si tratti di un marchio personale, di una piccola o grande impresa, i social media sono uno strumento per avvicinarsi al proprio pubblico. Vanno scelti con cura, in base al pubblico che si vuole raggiungere. <\/p>\n\n\n\n<p>E&#8217; il pubblico a scegliere i social in cui i marchi dovrebbero essere. <\/p>\n\n\n\n<p><strong>Il tuo pubblico determina dove dovresti essere<\/strong>. Se si vende i propri servizi o prodotti direttamente ai consumatori, Instagram, Twitter e Facebook sono le piattaforme migliori.  Uno studio mostra che l&#8217;84% degli utenti di Pinterest negli Stati Uniti sono donne. Se lavorate nel mondo dei viaggi, il cibo, la moda, il fitness o la decorazione della casa, le piattaforme dominate dalle immagini sono quelle da preferire.<br>Twitter privilegia parole e velocit\u00e0. Instagram favorisce video e immagini. LinkedIn \u00e8 pi\u00f9 formale, per le persone che cercano connessioni B2B. <\/p>\n\n\n\n<p><strong>E&#8217; importante essere dove sono i clienti che si sta cercando<\/strong>. <\/p>\n\n\n\n<p><strong>Bisogna investire sui contenuti <\/strong>e non puntare subito alle vendite per ottenere un pubblico. Pensare pi\u00f9 come un editore che come un venditore. Fare crescere la propria reputazione, poi le vendite arriveranno.  Le persone preferiscono i social dove c&#8217;\u00e8 valore, creativit\u00e0, accuratezza e approfondimenti.  Non limitate i contenuti alle istruzioni, parlate di argomenti di tendenza, organizzate giochi con premi. Nel tempo, il pubblico crescer\u00e0 e si legher\u00e0 al marchio la fiducia delle persona. Quando qualcuno cliccher\u00e0 sulla tua pagina per la prima volta, si fideranno dell&#8217;azienda per l&#8217;impegno, le energie e la cura messe nella creazione dei post. <\/p>\n\n\n\n<p><strong>Concentrarsi solo sulle vendite \u00e8 dannoso<\/strong>. A nessuno piace una pagina dedicata alle vendite. Serve un pubblico, non dei clienti. Bisogna investire nelle strategie di creazione di contenuti. Le persone vanno dove c&#8217;\u00e8 valore e quando \u00e8 un marchio a fornire contenuti di valore, saranno sempre di pi\u00f9 le persone che verranno a vedere cosa viene pubblicato.  <\/p>\n\n\n\n<p><strong>Una relazione cliente-venditore \u00e8 una tantum<\/strong>. Dopo la transazione iniziale, \u00e8 probabile che la relazione finisca. Sono venuti a comprare  perch\u00e9 avevano bisogno di un prodotto e dopo aver ottenuto quello di cui avevano bisogno, si dimenticheranno presto di chi glielo ha venduto.<\/p>\n\n\n\n<p><strong> Un pubblico \u00e8 fedele \u00e8 una specie di relazione a vita.<\/strong> Hanno scoperto un marchio e tornano a vedere cosa pubblica per i contenuti che vengono forniti. Queste persone in potenza potrebbero comprare qualsiasi cosa il marchio abbia in vendita e raccontano liberamente la loro esperienza agli amici. Non \u00e8 difficile individuarli, basta cercare le persone che interagiscono maggiormente con i contenuti pubblicato o acquistano spesso i prodotti in vendita. Si  possono premiare con dei regali per renderli  ambasciatori del marchio, dare loro merce gratuita. Queste persone sono pi\u00f9 efficaci nella pubblicit\u00e0 del tuo marchio rispetto a qualsiasi sforzo pubblicitario a pagamento perch\u00e9 utilizzano<strong> la pi\u00f9 potente strategia di marketing, il passaparola<\/strong>.<\/p>\n\n\n\n<p class=\"has-text-align-right\"><em>Chiara Porta<\/em><\/p>\n\n\n\n<p class=\"has-text-align-right\"><em>Direttore Responsabile dell\u2019agenzia di comunicazione Eo Ipso (<a href=\"http:\/\/www.eoipso.it\/\">www.eoipso.it<\/a>)<\/em><\/p>\n","protected":false},"excerpt":{"rendered":"<p>Non \u00e8 possibile a spesso non \u00e8 utile essere ovunque. Una famosa regola del marketing recita: &#8220;essere dove tutti sono&#8221;, ma ai tempi dei social media non sempre \u00e8 cos\u00ec. Che si tratti di un marchio personale, di una piccola [&hellip;]<\/p>\n","protected":false},"author":2,"featured_media":1762,"comment_status":"open","ping_status":"open","sticky":false,"template":"","format":"standard","meta":{"footnotes":""},"categories":[38],"tags":[274,51,309,37,36,43,111,134],"class_list":["post-1760","post","type-post","status-publish","format-standard","has-post-thumbnail","hentry","category-social","tag-aziende","tag-business","tag-business-plan","tag-comunicazione","tag-economia","tag-marketing","tag-social","tag-ufficio-stampa"],"yoast_head":"<!-- This site is optimized with the Yoast SEO plugin v27.5 - https:\/\/yoast.com\/product\/yoast-seo-wordpress\/ -->\n<title>Social aziendali: vanno scelti con cura e seguiti - Eo Ipso | Blog<\/title>\n<meta name=\"robots\" content=\"index, follow, max-snippet:-1, max-image-preview:large, max-video-preview:-1\" \/>\n<link rel=\"canonical\" href=\"https:\/\/blog.eoipso.it\/index.php\/2020\/07\/06\/social-aziendali-vanno-scelti-con-cura-e-seguiti\/\" \/>\n<meta property=\"og:locale\" content=\"it_IT\" \/>\n<meta property=\"og:type\" content=\"article\" \/>\n<meta property=\"og:title\" content=\"Social aziendali: vanno scelti con cura e seguiti - Eo Ipso | Blog\" \/>\n<meta property=\"og:description\" content=\"Non \u00e8 possibile a spesso non \u00e8 utile essere ovunque. Una famosa regola del marketing recita: &#8220;essere dove tutti sono&#8221;, ma ai tempi dei social media non sempre \u00e8 cos\u00ec. Che si tratti di un marchio personale, di una piccola [&hellip;]\" \/>\n<meta property=\"og:url\" content=\"https:\/\/blog.eoipso.it\/index.php\/2020\/07\/06\/social-aziendali-vanno-scelti-con-cura-e-seguiti\/\" \/>\n<meta property=\"og:site_name\" content=\"Eo Ipso | Blog\" \/>\n<meta property=\"article:publisher\" content=\"https:\/\/www.facebook.com\/eoipsocomunicazione\/\" \/>\n<meta property=\"article:published_time\" content=\"2020-07-06T05:32:00+00:00\" \/>\n<meta property=\"og:image\" content=\"https:\/\/blog.eoipso.it\/wp-content\/uploads\/2020\/07\/2EC0029A-DBDF-A524-7E418A623209351A.jpeg\" \/>\n\t<meta property=\"og:image:width\" content=\"1280\" \/>\n\t<meta property=\"og:image:height\" content=\"720\" \/>\n\t<meta property=\"og:image:type\" content=\"image\/jpeg\" \/>\n<meta name=\"author\" content=\"Chiara Porta\" \/>\n<meta name=\"twitter:card\" content=\"summary_large_image\" \/>\n<meta name=\"twitter:creator\" content=\"@EoipsoUffstampa\" \/>\n<meta name=\"twitter:site\" content=\"@EoipsoUffstampa\" \/>\n<meta name=\"twitter:label1\" content=\"Scritto da\" \/>\n\t<meta name=\"twitter:data1\" content=\"Chiara Porta\" \/>\n\t<meta name=\"twitter:label2\" content=\"Tempo di lettura stimato\" \/>\n\t<meta name=\"twitter:data2\" content=\"2 minuti\" \/>\n<script type=\"application\/ld+json\" class=\"yoast-schema-graph\">{\"@context\":\"https:\\\/\\\/schema.org\",\"@graph\":[{\"@type\":\"Article\",\"@id\":\"https:\\\/\\\/blog.eoipso.it\\\/index.php\\\/2020\\\/07\\\/06\\\/social-aziendali-vanno-scelti-con-cura-e-seguiti\\\/#article\",\"isPartOf\":{\"@id\":\"https:\\\/\\\/blog.eoipso.it\\\/index.php\\\/2020\\\/07\\\/06\\\/social-aziendali-vanno-scelti-con-cura-e-seguiti\\\/\"},\"author\":{\"name\":\"Chiara Porta\",\"@id\":\"https:\\\/\\\/blog.eoipso.it\\\/#\\\/schema\\\/person\\\/72b036bde4c0750367455bda01248421\"},\"headline\":\"Social aziendali: vanno scelti con cura e seguiti\",\"datePublished\":\"2020-07-06T05:32:00+00:00\",\"mainEntityOfPage\":{\"@id\":\"https:\\\/\\\/blog.eoipso.it\\\/index.php\\\/2020\\\/07\\\/06\\\/social-aziendali-vanno-scelti-con-cura-e-seguiti\\\/\"},\"wordCount\":498,\"commentCount\":0,\"publisher\":{\"@id\":\"https:\\\/\\\/blog.eoipso.it\\\/#organization\"},\"image\":{\"@id\":\"https:\\\/\\\/blog.eoipso.it\\\/index.php\\\/2020\\\/07\\\/06\\\/social-aziendali-vanno-scelti-con-cura-e-seguiti\\\/#primaryimage\"},\"thumbnailUrl\":\"https:\\\/\\\/blog.eoipso.it\\\/wp-content\\\/uploads\\\/2020\\\/07\\\/2EC0029A-DBDF-A524-7E418A623209351A.jpeg\",\"keywords\":[\"aziende\",\"business\",\"business plan\",\"comunicazione\",\"economia\",\"marketing\",\"social\",\"ufficio stampa\"],\"articleSection\":[\"Social\"],\"inLanguage\":\"it-IT\",\"potentialAction\":[{\"@type\":\"CommentAction\",\"name\":\"Comment\",\"target\":[\"https:\\\/\\\/blog.eoipso.it\\\/index.php\\\/2020\\\/07\\\/06\\\/social-aziendali-vanno-scelti-con-cura-e-seguiti\\\/#respond\"]}]},{\"@type\":\"WebPage\",\"@id\":\"https:\\\/\\\/blog.eoipso.it\\\/index.php\\\/2020\\\/07\\\/06\\\/social-aziendali-vanno-scelti-con-cura-e-seguiti\\\/\",\"url\":\"https:\\\/\\\/blog.eoipso.it\\\/index.php\\\/2020\\\/07\\\/06\\\/social-aziendali-vanno-scelti-con-cura-e-seguiti\\\/\",\"name\":\"Social aziendali: vanno scelti con cura e seguiti - Eo Ipso | Blog\",\"isPartOf\":{\"@id\":\"https:\\\/\\\/blog.eoipso.it\\\/#website\"},\"primaryImageOfPage\":{\"@id\":\"https:\\\/\\\/blog.eoipso.it\\\/index.php\\\/2020\\\/07\\\/06\\\/social-aziendali-vanno-scelti-con-cura-e-seguiti\\\/#primaryimage\"},\"image\":{\"@id\":\"https:\\\/\\\/blog.eoipso.it\\\/index.php\\\/2020\\\/07\\\/06\\\/social-aziendali-vanno-scelti-con-cura-e-seguiti\\\/#primaryimage\"},\"thumbnailUrl\":\"https:\\\/\\\/blog.eoipso.it\\\/wp-content\\\/uploads\\\/2020\\\/07\\\/2EC0029A-DBDF-A524-7E418A623209351A.jpeg\",\"datePublished\":\"2020-07-06T05:32:00+00:00\",\"breadcrumb\":{\"@id\":\"https:\\\/\\\/blog.eoipso.it\\\/index.php\\\/2020\\\/07\\\/06\\\/social-aziendali-vanno-scelti-con-cura-e-seguiti\\\/#breadcrumb\"},\"inLanguage\":\"it-IT\",\"potentialAction\":[{\"@type\":\"ReadAction\",\"target\":[\"https:\\\/\\\/blog.eoipso.it\\\/index.php\\\/2020\\\/07\\\/06\\\/social-aziendali-vanno-scelti-con-cura-e-seguiti\\\/\"]}]},{\"@type\":\"ImageObject\",\"inLanguage\":\"it-IT\",\"@id\":\"https:\\\/\\\/blog.eoipso.it\\\/index.php\\\/2020\\\/07\\\/06\\\/social-aziendali-vanno-scelti-con-cura-e-seguiti\\\/#primaryimage\",\"url\":\"https:\\\/\\\/blog.eoipso.it\\\/wp-content\\\/uploads\\\/2020\\\/07\\\/2EC0029A-DBDF-A524-7E418A623209351A.jpeg\",\"contentUrl\":\"https:\\\/\\\/blog.eoipso.it\\\/wp-content\\\/uploads\\\/2020\\\/07\\\/2EC0029A-DBDF-A524-7E418A623209351A.jpeg\",\"width\":1280,\"height\":720},{\"@type\":\"BreadcrumbList\",\"@id\":\"https:\\\/\\\/blog.eoipso.it\\\/index.php\\\/2020\\\/07\\\/06\\\/social-aziendali-vanno-scelti-con-cura-e-seguiti\\\/#breadcrumb\",\"itemListElement\":[{\"@type\":\"ListItem\",\"position\":1,\"name\":\"Home\",\"item\":\"https:\\\/\\\/blog.eoipso.it\\\/\"},{\"@type\":\"ListItem\",\"position\":2,\"name\":\"Social aziendali: vanno scelti con cura e seguiti\"}]},{\"@type\":\"WebSite\",\"@id\":\"https:\\\/\\\/blog.eoipso.it\\\/#website\",\"url\":\"https:\\\/\\\/blog.eoipso.it\\\/\",\"name\":\"Eo Ipso | Blog\",\"description\":\"\",\"publisher\":{\"@id\":\"https:\\\/\\\/blog.eoipso.it\\\/#organization\"},\"potentialAction\":[{\"@type\":\"SearchAction\",\"target\":{\"@type\":\"EntryPoint\",\"urlTemplate\":\"https:\\\/\\\/blog.eoipso.it\\\/?s={search_term_string}\"},\"query-input\":{\"@type\":\"PropertyValueSpecification\",\"valueRequired\":true,\"valueName\":\"search_term_string\"}}],\"inLanguage\":\"it-IT\"},{\"@type\":\"Organization\",\"@id\":\"https:\\\/\\\/blog.eoipso.it\\\/#organization\",\"name\":\"Eo Ipso\",\"url\":\"https:\\\/\\\/blog.eoipso.it\\\/\",\"logo\":{\"@type\":\"ImageObject\",\"inLanguage\":\"it-IT\",\"@id\":\"https:\\\/\\\/blog.eoipso.it\\\/#\\\/schema\\\/logo\\\/image\\\/\",\"url\":\"https:\\\/\\\/blog.eoipso.it\\\/wp-content\\\/uploads\\\/2018\\\/11\\\/LogoEoipso3.png\",\"contentUrl\":\"https:\\\/\\\/blog.eoipso.it\\\/wp-content\\\/uploads\\\/2018\\\/11\\\/LogoEoipso3.png\",\"width\":750,\"height\":450,\"caption\":\"Eo Ipso\"},\"image\":{\"@id\":\"https:\\\/\\\/blog.eoipso.it\\\/#\\\/schema\\\/logo\\\/image\\\/\"},\"sameAs\":[\"https:\\\/\\\/www.facebook.com\\\/eoipsocomunicazione\\\/\",\"https:\\\/\\\/x.com\\\/EoipsoUffstampa\",\"https:\\\/\\\/www.youtube.com\\\/channel\\\/UC4NS2k_VSfmLY8NkKwys7kw\"]},{\"@type\":\"Person\",\"@id\":\"https:\\\/\\\/blog.eoipso.it\\\/#\\\/schema\\\/person\\\/72b036bde4c0750367455bda01248421\",\"name\":\"Chiara Porta\",\"sameAs\":[\"http:\\\/\\\/www.eoipso.it\\\/\"]}]}<\/script>\n<!-- \/ Yoast SEO plugin. -->","yoast_head_json":{"title":"Social aziendali: vanno scelti con cura e seguiti - Eo Ipso | Blog","robots":{"index":"index","follow":"follow","max-snippet":"max-snippet:-1","max-image-preview":"max-image-preview:large","max-video-preview":"max-video-preview:-1"},"canonical":"https:\/\/blog.eoipso.it\/index.php\/2020\/07\/06\/social-aziendali-vanno-scelti-con-cura-e-seguiti\/","og_locale":"it_IT","og_type":"article","og_title":"Social aziendali: vanno scelti con cura e seguiti - Eo Ipso | Blog","og_description":"Non \u00e8 possibile a spesso non \u00e8 utile essere ovunque. Una famosa regola del marketing recita: &#8220;essere dove tutti sono&#8221;, ma ai tempi dei social media non sempre \u00e8 cos\u00ec. Che si tratti di un marchio personale, di una piccola [&hellip;]","og_url":"https:\/\/blog.eoipso.it\/index.php\/2020\/07\/06\/social-aziendali-vanno-scelti-con-cura-e-seguiti\/","og_site_name":"Eo Ipso | Blog","article_publisher":"https:\/\/www.facebook.com\/eoipsocomunicazione\/","article_published_time":"2020-07-06T05:32:00+00:00","og_image":[{"width":1280,"height":720,"url":"https:\/\/blog.eoipso.it\/wp-content\/uploads\/2020\/07\/2EC0029A-DBDF-A524-7E418A623209351A.jpeg","type":"image\/jpeg"}],"author":"Chiara Porta","twitter_card":"summary_large_image","twitter_creator":"@EoipsoUffstampa","twitter_site":"@EoipsoUffstampa","twitter_misc":{"Scritto da":"Chiara Porta","Tempo di lettura stimato":"2 minuti"},"schema":{"@context":"https:\/\/schema.org","@graph":[{"@type":"Article","@id":"https:\/\/blog.eoipso.it\/index.php\/2020\/07\/06\/social-aziendali-vanno-scelti-con-cura-e-seguiti\/#article","isPartOf":{"@id":"https:\/\/blog.eoipso.it\/index.php\/2020\/07\/06\/social-aziendali-vanno-scelti-con-cura-e-seguiti\/"},"author":{"name":"Chiara Porta","@id":"https:\/\/blog.eoipso.it\/#\/schema\/person\/72b036bde4c0750367455bda01248421"},"headline":"Social aziendali: vanno scelti con cura e seguiti","datePublished":"2020-07-06T05:32:00+00:00","mainEntityOfPage":{"@id":"https:\/\/blog.eoipso.it\/index.php\/2020\/07\/06\/social-aziendali-vanno-scelti-con-cura-e-seguiti\/"},"wordCount":498,"commentCount":0,"publisher":{"@id":"https:\/\/blog.eoipso.it\/#organization"},"image":{"@id":"https:\/\/blog.eoipso.it\/index.php\/2020\/07\/06\/social-aziendali-vanno-scelti-con-cura-e-seguiti\/#primaryimage"},"thumbnailUrl":"https:\/\/blog.eoipso.it\/wp-content\/uploads\/2020\/07\/2EC0029A-DBDF-A524-7E418A623209351A.jpeg","keywords":["aziende","business","business plan","comunicazione","economia","marketing","social","ufficio stampa"],"articleSection":["Social"],"inLanguage":"it-IT","potentialAction":[{"@type":"CommentAction","name":"Comment","target":["https:\/\/blog.eoipso.it\/index.php\/2020\/07\/06\/social-aziendali-vanno-scelti-con-cura-e-seguiti\/#respond"]}]},{"@type":"WebPage","@id":"https:\/\/blog.eoipso.it\/index.php\/2020\/07\/06\/social-aziendali-vanno-scelti-con-cura-e-seguiti\/","url":"https:\/\/blog.eoipso.it\/index.php\/2020\/07\/06\/social-aziendali-vanno-scelti-con-cura-e-seguiti\/","name":"Social aziendali: vanno scelti con cura e seguiti - Eo Ipso | Blog","isPartOf":{"@id":"https:\/\/blog.eoipso.it\/#website"},"primaryImageOfPage":{"@id":"https:\/\/blog.eoipso.it\/index.php\/2020\/07\/06\/social-aziendali-vanno-scelti-con-cura-e-seguiti\/#primaryimage"},"image":{"@id":"https:\/\/blog.eoipso.it\/index.php\/2020\/07\/06\/social-aziendali-vanno-scelti-con-cura-e-seguiti\/#primaryimage"},"thumbnailUrl":"https:\/\/blog.eoipso.it\/wp-content\/uploads\/2020\/07\/2EC0029A-DBDF-A524-7E418A623209351A.jpeg","datePublished":"2020-07-06T05:32:00+00:00","breadcrumb":{"@id":"https:\/\/blog.eoipso.it\/index.php\/2020\/07\/06\/social-aziendali-vanno-scelti-con-cura-e-seguiti\/#breadcrumb"},"inLanguage":"it-IT","potentialAction":[{"@type":"ReadAction","target":["https:\/\/blog.eoipso.it\/index.php\/2020\/07\/06\/social-aziendali-vanno-scelti-con-cura-e-seguiti\/"]}]},{"@type":"ImageObject","inLanguage":"it-IT","@id":"https:\/\/blog.eoipso.it\/index.php\/2020\/07\/06\/social-aziendali-vanno-scelti-con-cura-e-seguiti\/#primaryimage","url":"https:\/\/blog.eoipso.it\/wp-content\/uploads\/2020\/07\/2EC0029A-DBDF-A524-7E418A623209351A.jpeg","contentUrl":"https:\/\/blog.eoipso.it\/wp-content\/uploads\/2020\/07\/2EC0029A-DBDF-A524-7E418A623209351A.jpeg","width":1280,"height":720},{"@type":"BreadcrumbList","@id":"https:\/\/blog.eoipso.it\/index.php\/2020\/07\/06\/social-aziendali-vanno-scelti-con-cura-e-seguiti\/#breadcrumb","itemListElement":[{"@type":"ListItem","position":1,"name":"Home","item":"https:\/\/blog.eoipso.it\/"},{"@type":"ListItem","position":2,"name":"Social aziendali: vanno scelti con cura e seguiti"}]},{"@type":"WebSite","@id":"https:\/\/blog.eoipso.it\/#website","url":"https:\/\/blog.eoipso.it\/","name":"Eo Ipso | Blog","description":"","publisher":{"@id":"https:\/\/blog.eoipso.it\/#organization"},"potentialAction":[{"@type":"SearchAction","target":{"@type":"EntryPoint","urlTemplate":"https:\/\/blog.eoipso.it\/?s={search_term_string}"},"query-input":{"@type":"PropertyValueSpecification","valueRequired":true,"valueName":"search_term_string"}}],"inLanguage":"it-IT"},{"@type":"Organization","@id":"https:\/\/blog.eoipso.it\/#organization","name":"Eo Ipso","url":"https:\/\/blog.eoipso.it\/","logo":{"@type":"ImageObject","inLanguage":"it-IT","@id":"https:\/\/blog.eoipso.it\/#\/schema\/logo\/image\/","url":"https:\/\/blog.eoipso.it\/wp-content\/uploads\/2018\/11\/LogoEoipso3.png","contentUrl":"https:\/\/blog.eoipso.it\/wp-content\/uploads\/2018\/11\/LogoEoipso3.png","width":750,"height":450,"caption":"Eo Ipso"},"image":{"@id":"https:\/\/blog.eoipso.it\/#\/schema\/logo\/image\/"},"sameAs":["https:\/\/www.facebook.com\/eoipsocomunicazione\/","https:\/\/x.com\/EoipsoUffstampa","https:\/\/www.youtube.com\/channel\/UC4NS2k_VSfmLY8NkKwys7kw"]},{"@type":"Person","@id":"https:\/\/blog.eoipso.it\/#\/schema\/person\/72b036bde4c0750367455bda01248421","name":"Chiara Porta","sameAs":["http:\/\/www.eoipso.it\/"]}]}},"_links":{"self":[{"href":"https:\/\/blog.eoipso.it\/index.php\/wp-json\/wp\/v2\/posts\/1760","targetHints":{"allow":["GET"]}}],"collection":[{"href":"https:\/\/blog.eoipso.it\/index.php\/wp-json\/wp\/v2\/posts"}],"about":[{"href":"https:\/\/blog.eoipso.it\/index.php\/wp-json\/wp\/v2\/types\/post"}],"author":[{"embeddable":true,"href":"https:\/\/blog.eoipso.it\/index.php\/wp-json\/wp\/v2\/users\/2"}],"replies":[{"embeddable":true,"href":"https:\/\/blog.eoipso.it\/index.php\/wp-json\/wp\/v2\/comments?post=1760"}],"version-history":[{"count":1,"href":"https:\/\/blog.eoipso.it\/index.php\/wp-json\/wp\/v2\/posts\/1760\/revisions"}],"predecessor-version":[{"id":1763,"href":"https:\/\/blog.eoipso.it\/index.php\/wp-json\/wp\/v2\/posts\/1760\/revisions\/1763"}],"wp:featuredmedia":[{"embeddable":true,"href":"https:\/\/blog.eoipso.it\/index.php\/wp-json\/wp\/v2\/media\/1762"}],"wp:attachment":[{"href":"https:\/\/blog.eoipso.it\/index.php\/wp-json\/wp\/v2\/media?parent=1760"}],"wp:term":[{"taxonomy":"category","embeddable":true,"href":"https:\/\/blog.eoipso.it\/index.php\/wp-json\/wp\/v2\/categories?post=1760"},{"taxonomy":"post_tag","embeddable":true,"href":"https:\/\/blog.eoipso.it\/index.php\/wp-json\/wp\/v2\/tags?post=1760"}],"curies":[{"name":"wp","href":"https:\/\/api.w.org\/{rel}","templated":true}]}}