{"id":1783,"date":"2020-10-27T10:16:44","date_gmt":"2020-10-27T09:16:44","guid":{"rendered":"https:\/\/blog.eoipso.it\/?p=1783"},"modified":"2020-12-02T13:21:31","modified_gmt":"2020-12-02T12:21:31","slug":"quanto-devono-essere-grandi-le-immagini-su-facebook","status":"publish","type":"post","link":"https:\/\/blog.eoipso.it\/index.php\/2020\/10\/27\/quanto-devono-essere-grandi-le-immagini-su-facebook\/","title":{"rendered":"Quanto devono essere grandi le immagini su Facebook?"},"content":{"rendered":"\n<p>Vi hanno tagliato la foto e non si vedono pi\u00f9 le teste? Il logo aziendale si vede solo in parte? Le immagini sono lente da caricare? Vi \u00e8 successo qualche altro guaio? Divertente da raccontare, ma che vi scatena una rabbia cieca, perch\u00e9 non sapete come uscirne?<\/p>\n\n\n\n<p>Qui sotto vi forniamo una piccola guida alle immagini su Facebook<\/p>\n\n\n\n<p>Facebook non distorce le immagini, se non rispondono pi\u00f9 ai requisiti richiesti le taglia. Vi consigliamo perci\u00f2 di tenere al centro della foto gli elementi che ritenete importanti in modo da non vederveli eliminati. <\/p>\n\n\n\n<p>Attenzione: vengono continuamente aggiornati i requisiti per le dimensioni ottimali delle immagini su questo socila media. Vi consigliamo di controllare almeno una volta al mese i requisiti richiesti. Le modifiche sono continue. Una per tutte: Facebook ha recentemente spostato a destra i loghi aziendali, in modo da distinguere le pagine business da quelle personali. Le dimensioni non sono cambiate 180 x 180 pixel. <\/p>\n\n\n\n<p>La dimensione ideale dell&#8217;immagine per Facebook \u00e8 1200 x 628 pixel. La larghezza delle tue immagini dovrebbe essere di almeno 500 pixel. In caso contrario la piattaforma la ridimensioner\u00e0 da sola e adatter\u00e0 rispettivamente l&#8217;altezza. <\/p>\n\n\n\n<p>La tua foto del profilo deve essere di 180 x 180 pixel. Si tratta di una foto importante. E&#8217; il tuo volto o il volto della tua azienda.<\/p>\n\n\n\n<p>La foto grande in alto del profilo \u00e8 200 x 717 pixel, \u00e8 un&#8217;immagine importante dal punto di vista emozionale, per chi viene a vedere la vostra pagina. <\/p>\n\n\n\n<p>Volete creare un evento? La dimensione di questa immagine \u00e8 di 1920 x 1080. <\/p>\n\n\n\n<p>Adesso che avete tutte le misure, vi auguro buon lavoro!<\/p>\n\n\n\n<p class=\"has-text-align-right\"><em>Chiara Porta<\/em><\/p>\n\n\n\n<p class=\"has-text-align-right\"><em>Direttore Responsabile dell\u2019agenzia di comunicazione giornalistica, grafica ed eventi Eo Ipso (<a href=\"http:\/\/www.eoipso.it\/\">www.eoipso.it<\/a>)<\/em><\/p>\n\n\n\n<p>   <\/p>\n","protected":false},"excerpt":{"rendered":"<p>Vi hanno tagliato la foto e non si vedono pi\u00f9 le teste? Il logo aziendale si vede solo in parte? Le immagini sono lente da caricare? Vi \u00e8 successo qualche altro guaio? Divertente da raccontare, ma che vi scatena una [&hellip;]<\/p>\n","protected":false},"author":2,"featured_media":1785,"comment_status":"closed","ping_status":"open","sticky":false,"template":"","format":"standard","meta":{"footnotes":""},"categories":[31],"tags":[95,117,323,319,321,320,111],"class_list":["post-1783","post","type-post","status-publish","format-standard","has-post-thumbnail","hentry","category-grafica","tag-facebook","tag-grafica","tag-gratis","tag-immagini","tag-pixel","tag-pixels","tag-social"],"yoast_head":"<!-- This site is optimized with the Yoast SEO plugin v27.5 - https:\/\/yoast.com\/product\/yoast-seo-wordpress\/ -->\n<title>Quanto devono essere grandi le immagini su Facebook? - Eo Ipso | Blog<\/title>\n<meta name=\"robots\" content=\"index, follow, max-snippet:-1, max-image-preview:large, max-video-preview:-1\" \/>\n<link rel=\"canonical\" href=\"https:\/\/blog.eoipso.it\/index.php\/2020\/10\/27\/quanto-devono-essere-grandi-le-immagini-su-facebook\/\" \/>\n<meta property=\"og:locale\" content=\"it_IT\" \/>\n<meta property=\"og:type\" content=\"article\" \/>\n<meta property=\"og:title\" content=\"Quanto devono essere grandi le immagini su Facebook? - Eo Ipso | Blog\" \/>\n<meta property=\"og:description\" content=\"Vi hanno tagliato la foto e non si vedono pi\u00f9 le teste? Il logo aziendale si vede solo in parte? Le immagini sono lente da caricare? Vi \u00e8 successo qualche altro guaio? Divertente da raccontare, ma che vi scatena una [&hellip;]\" \/>\n<meta property=\"og:url\" content=\"https:\/\/blog.eoipso.it\/index.php\/2020\/10\/27\/quanto-devono-essere-grandi-le-immagini-su-facebook\/\" \/>\n<meta property=\"og:site_name\" content=\"Eo Ipso | Blog\" \/>\n<meta property=\"article:publisher\" content=\"https:\/\/www.facebook.com\/eoipsocomunicazione\/\" \/>\n<meta property=\"article:published_time\" content=\"2020-10-27T09:16:44+00:00\" \/>\n<meta property=\"article:modified_time\" content=\"2020-12-02T12:21:31+00:00\" \/>\n<meta property=\"og:image\" content=\"https:\/\/blog.eoipso.it\/wp-content\/uploads\/2020\/10\/1D6672B3-C3A9-2214-E6BBACB6BA95BF83.jpeg\" \/>\n\t<meta property=\"og:image:width\" content=\"1280\" \/>\n\t<meta property=\"og:image:height\" content=\"720\" \/>\n\t<meta property=\"og:image:type\" content=\"image\/jpeg\" \/>\n<meta name=\"author\" content=\"Chiara Porta\" \/>\n<meta name=\"twitter:card\" content=\"summary_large_image\" \/>\n<meta name=\"twitter:creator\" content=\"@EoipsoUffstampa\" \/>\n<meta name=\"twitter:site\" content=\"@EoipsoUffstampa\" \/>\n<meta name=\"twitter:label1\" content=\"Scritto da\" \/>\n\t<meta name=\"twitter:data1\" content=\"Chiara Porta\" \/>\n\t<meta name=\"twitter:label2\" content=\"Tempo di lettura stimato\" \/>\n\t<meta name=\"twitter:data2\" content=\"1 minuto\" \/>\n<script type=\"application\/ld+json\" class=\"yoast-schema-graph\">{\"@context\":\"https:\\\/\\\/schema.org\",\"@graph\":[{\"@type\":\"Article\",\"@id\":\"https:\\\/\\\/blog.eoipso.it\\\/index.php\\\/2020\\\/10\\\/27\\\/quanto-devono-essere-grandi-le-immagini-su-facebook\\\/#article\",\"isPartOf\":{\"@id\":\"https:\\\/\\\/blog.eoipso.it\\\/index.php\\\/2020\\\/10\\\/27\\\/quanto-devono-essere-grandi-le-immagini-su-facebook\\\/\"},\"author\":{\"name\":\"Chiara Porta\",\"@id\":\"https:\\\/\\\/blog.eoipso.it\\\/#\\\/schema\\\/person\\\/72b036bde4c0750367455bda01248421\"},\"headline\":\"Quanto devono essere grandi le immagini su Facebook?\",\"datePublished\":\"2020-10-27T09:16:44+00:00\",\"dateModified\":\"2020-12-02T12:21:31+00:00\",\"mainEntityOfPage\":{\"@id\":\"https:\\\/\\\/blog.eoipso.it\\\/index.php\\\/2020\\\/10\\\/27\\\/quanto-devono-essere-grandi-le-immagini-su-facebook\\\/\"},\"wordCount\":279,\"publisher\":{\"@id\":\"https:\\\/\\\/blog.eoipso.it\\\/#organization\"},\"image\":{\"@id\":\"https:\\\/\\\/blog.eoipso.it\\\/index.php\\\/2020\\\/10\\\/27\\\/quanto-devono-essere-grandi-le-immagini-su-facebook\\\/#primaryimage\"},\"thumbnailUrl\":\"https:\\\/\\\/blog.eoipso.it\\\/wp-content\\\/uploads\\\/2020\\\/10\\\/1D6672B3-C3A9-2214-E6BBACB6BA95BF83.jpeg\",\"keywords\":[\"facebook\",\"grafica\",\"gratis\",\"immagini\",\"pixel\",\"pixels\",\"social\"],\"articleSection\":[\"Grafica\"],\"inLanguage\":\"it-IT\"},{\"@type\":\"WebPage\",\"@id\":\"https:\\\/\\\/blog.eoipso.it\\\/index.php\\\/2020\\\/10\\\/27\\\/quanto-devono-essere-grandi-le-immagini-su-facebook\\\/\",\"url\":\"https:\\\/\\\/blog.eoipso.it\\\/index.php\\\/2020\\\/10\\\/27\\\/quanto-devono-essere-grandi-le-immagini-su-facebook\\\/\",\"name\":\"Quanto devono essere grandi le immagini su Facebook? - Eo Ipso | Blog\",\"isPartOf\":{\"@id\":\"https:\\\/\\\/blog.eoipso.it\\\/#website\"},\"primaryImageOfPage\":{\"@id\":\"https:\\\/\\\/blog.eoipso.it\\\/index.php\\\/2020\\\/10\\\/27\\\/quanto-devono-essere-grandi-le-immagini-su-facebook\\\/#primaryimage\"},\"image\":{\"@id\":\"https:\\\/\\\/blog.eoipso.it\\\/index.php\\\/2020\\\/10\\\/27\\\/quanto-devono-essere-grandi-le-immagini-su-facebook\\\/#primaryimage\"},\"thumbnailUrl\":\"https:\\\/\\\/blog.eoipso.it\\\/wp-content\\\/uploads\\\/2020\\\/10\\\/1D6672B3-C3A9-2214-E6BBACB6BA95BF83.jpeg\",\"datePublished\":\"2020-10-27T09:16:44+00:00\",\"dateModified\":\"2020-12-02T12:21:31+00:00\",\"breadcrumb\":{\"@id\":\"https:\\\/\\\/blog.eoipso.it\\\/index.php\\\/2020\\\/10\\\/27\\\/quanto-devono-essere-grandi-le-immagini-su-facebook\\\/#breadcrumb\"},\"inLanguage\":\"it-IT\",\"potentialAction\":[{\"@type\":\"ReadAction\",\"target\":[\"https:\\\/\\\/blog.eoipso.it\\\/index.php\\\/2020\\\/10\\\/27\\\/quanto-devono-essere-grandi-le-immagini-su-facebook\\\/\"]}]},{\"@type\":\"ImageObject\",\"inLanguage\":\"it-IT\",\"@id\":\"https:\\\/\\\/blog.eoipso.it\\\/index.php\\\/2020\\\/10\\\/27\\\/quanto-devono-essere-grandi-le-immagini-su-facebook\\\/#primaryimage\",\"url\":\"https:\\\/\\\/blog.eoipso.it\\\/wp-content\\\/uploads\\\/2020\\\/10\\\/1D6672B3-C3A9-2214-E6BBACB6BA95BF83.jpeg\",\"contentUrl\":\"https:\\\/\\\/blog.eoipso.it\\\/wp-content\\\/uploads\\\/2020\\\/10\\\/1D6672B3-C3A9-2214-E6BBACB6BA95BF83.jpeg\",\"width\":1280,\"height\":720},{\"@type\":\"BreadcrumbList\",\"@id\":\"https:\\\/\\\/blog.eoipso.it\\\/index.php\\\/2020\\\/10\\\/27\\\/quanto-devono-essere-grandi-le-immagini-su-facebook\\\/#breadcrumb\",\"itemListElement\":[{\"@type\":\"ListItem\",\"position\":1,\"name\":\"Home\",\"item\":\"https:\\\/\\\/blog.eoipso.it\\\/\"},{\"@type\":\"ListItem\",\"position\":2,\"name\":\"Quanto devono essere grandi le immagini su Facebook?\"}]},{\"@type\":\"WebSite\",\"@id\":\"https:\\\/\\\/blog.eoipso.it\\\/#website\",\"url\":\"https:\\\/\\\/blog.eoipso.it\\\/\",\"name\":\"Eo Ipso | Blog\",\"description\":\"\",\"publisher\":{\"@id\":\"https:\\\/\\\/blog.eoipso.it\\\/#organization\"},\"potentialAction\":[{\"@type\":\"SearchAction\",\"target\":{\"@type\":\"EntryPoint\",\"urlTemplate\":\"https:\\\/\\\/blog.eoipso.it\\\/?s={search_term_string}\"},\"query-input\":{\"@type\":\"PropertyValueSpecification\",\"valueRequired\":true,\"valueName\":\"search_term_string\"}}],\"inLanguage\":\"it-IT\"},{\"@type\":\"Organization\",\"@id\":\"https:\\\/\\\/blog.eoipso.it\\\/#organization\",\"name\":\"Eo Ipso\",\"url\":\"https:\\\/\\\/blog.eoipso.it\\\/\",\"logo\":{\"@type\":\"ImageObject\",\"inLanguage\":\"it-IT\",\"@id\":\"https:\\\/\\\/blog.eoipso.it\\\/#\\\/schema\\\/logo\\\/image\\\/\",\"url\":\"https:\\\/\\\/blog.eoipso.it\\\/wp-content\\\/uploads\\\/2018\\\/11\\\/LogoEoipso3.png\",\"contentUrl\":\"https:\\\/\\\/blog.eoipso.it\\\/wp-content\\\/uploads\\\/2018\\\/11\\\/LogoEoipso3.png\",\"width\":750,\"height\":450,\"caption\":\"Eo Ipso\"},\"image\":{\"@id\":\"https:\\\/\\\/blog.eoipso.it\\\/#\\\/schema\\\/logo\\\/image\\\/\"},\"sameAs\":[\"https:\\\/\\\/www.facebook.com\\\/eoipsocomunicazione\\\/\",\"https:\\\/\\\/x.com\\\/EoipsoUffstampa\",\"https:\\\/\\\/www.youtube.com\\\/channel\\\/UC4NS2k_VSfmLY8NkKwys7kw\"]},{\"@type\":\"Person\",\"@id\":\"https:\\\/\\\/blog.eoipso.it\\\/#\\\/schema\\\/person\\\/72b036bde4c0750367455bda01248421\",\"name\":\"Chiara Porta\",\"sameAs\":[\"http:\\\/\\\/www.eoipso.it\\\/\"]}]}<\/script>\n<!-- \/ Yoast SEO plugin. -->","yoast_head_json":{"title":"Quanto devono essere grandi le immagini su Facebook? - Eo Ipso | Blog","robots":{"index":"index","follow":"follow","max-snippet":"max-snippet:-1","max-image-preview":"max-image-preview:large","max-video-preview":"max-video-preview:-1"},"canonical":"https:\/\/blog.eoipso.it\/index.php\/2020\/10\/27\/quanto-devono-essere-grandi-le-immagini-su-facebook\/","og_locale":"it_IT","og_type":"article","og_title":"Quanto devono essere grandi le immagini su Facebook? - Eo Ipso | Blog","og_description":"Vi hanno tagliato la foto e non si vedono pi\u00f9 le teste? Il logo aziendale si vede solo in parte? Le immagini sono lente da caricare? Vi \u00e8 successo qualche altro guaio? Divertente da raccontare, ma che vi scatena una [&hellip;]","og_url":"https:\/\/blog.eoipso.it\/index.php\/2020\/10\/27\/quanto-devono-essere-grandi-le-immagini-su-facebook\/","og_site_name":"Eo Ipso | Blog","article_publisher":"https:\/\/www.facebook.com\/eoipsocomunicazione\/","article_published_time":"2020-10-27T09:16:44+00:00","article_modified_time":"2020-12-02T12:21:31+00:00","og_image":[{"width":1280,"height":720,"url":"https:\/\/blog.eoipso.it\/wp-content\/uploads\/2020\/10\/1D6672B3-C3A9-2214-E6BBACB6BA95BF83.jpeg","type":"image\/jpeg"}],"author":"Chiara Porta","twitter_card":"summary_large_image","twitter_creator":"@EoipsoUffstampa","twitter_site":"@EoipsoUffstampa","twitter_misc":{"Scritto da":"Chiara Porta","Tempo di lettura stimato":"1 minuto"},"schema":{"@context":"https:\/\/schema.org","@graph":[{"@type":"Article","@id":"https:\/\/blog.eoipso.it\/index.php\/2020\/10\/27\/quanto-devono-essere-grandi-le-immagini-su-facebook\/#article","isPartOf":{"@id":"https:\/\/blog.eoipso.it\/index.php\/2020\/10\/27\/quanto-devono-essere-grandi-le-immagini-su-facebook\/"},"author":{"name":"Chiara Porta","@id":"https:\/\/blog.eoipso.it\/#\/schema\/person\/72b036bde4c0750367455bda01248421"},"headline":"Quanto devono essere grandi le immagini su Facebook?","datePublished":"2020-10-27T09:16:44+00:00","dateModified":"2020-12-02T12:21:31+00:00","mainEntityOfPage":{"@id":"https:\/\/blog.eoipso.it\/index.php\/2020\/10\/27\/quanto-devono-essere-grandi-le-immagini-su-facebook\/"},"wordCount":279,"publisher":{"@id":"https:\/\/blog.eoipso.it\/#organization"},"image":{"@id":"https:\/\/blog.eoipso.it\/index.php\/2020\/10\/27\/quanto-devono-essere-grandi-le-immagini-su-facebook\/#primaryimage"},"thumbnailUrl":"https:\/\/blog.eoipso.it\/wp-content\/uploads\/2020\/10\/1D6672B3-C3A9-2214-E6BBACB6BA95BF83.jpeg","keywords":["facebook","grafica","gratis","immagini","pixel","pixels","social"],"articleSection":["Grafica"],"inLanguage":"it-IT"},{"@type":"WebPage","@id":"https:\/\/blog.eoipso.it\/index.php\/2020\/10\/27\/quanto-devono-essere-grandi-le-immagini-su-facebook\/","url":"https:\/\/blog.eoipso.it\/index.php\/2020\/10\/27\/quanto-devono-essere-grandi-le-immagini-su-facebook\/","name":"Quanto devono essere grandi le immagini su Facebook? - Eo Ipso | Blog","isPartOf":{"@id":"https:\/\/blog.eoipso.it\/#website"},"primaryImageOfPage":{"@id":"https:\/\/blog.eoipso.it\/index.php\/2020\/10\/27\/quanto-devono-essere-grandi-le-immagini-su-facebook\/#primaryimage"},"image":{"@id":"https:\/\/blog.eoipso.it\/index.php\/2020\/10\/27\/quanto-devono-essere-grandi-le-immagini-su-facebook\/#primaryimage"},"thumbnailUrl":"https:\/\/blog.eoipso.it\/wp-content\/uploads\/2020\/10\/1D6672B3-C3A9-2214-E6BBACB6BA95BF83.jpeg","datePublished":"2020-10-27T09:16:44+00:00","dateModified":"2020-12-02T12:21:31+00:00","breadcrumb":{"@id":"https:\/\/blog.eoipso.it\/index.php\/2020\/10\/27\/quanto-devono-essere-grandi-le-immagini-su-facebook\/#breadcrumb"},"inLanguage":"it-IT","potentialAction":[{"@type":"ReadAction","target":["https:\/\/blog.eoipso.it\/index.php\/2020\/10\/27\/quanto-devono-essere-grandi-le-immagini-su-facebook\/"]}]},{"@type":"ImageObject","inLanguage":"it-IT","@id":"https:\/\/blog.eoipso.it\/index.php\/2020\/10\/27\/quanto-devono-essere-grandi-le-immagini-su-facebook\/#primaryimage","url":"https:\/\/blog.eoipso.it\/wp-content\/uploads\/2020\/10\/1D6672B3-C3A9-2214-E6BBACB6BA95BF83.jpeg","contentUrl":"https:\/\/blog.eoipso.it\/wp-content\/uploads\/2020\/10\/1D6672B3-C3A9-2214-E6BBACB6BA95BF83.jpeg","width":1280,"height":720},{"@type":"BreadcrumbList","@id":"https:\/\/blog.eoipso.it\/index.php\/2020\/10\/27\/quanto-devono-essere-grandi-le-immagini-su-facebook\/#breadcrumb","itemListElement":[{"@type":"ListItem","position":1,"name":"Home","item":"https:\/\/blog.eoipso.it\/"},{"@type":"ListItem","position":2,"name":"Quanto devono essere grandi le immagini su Facebook?"}]},{"@type":"WebSite","@id":"https:\/\/blog.eoipso.it\/#website","url":"https:\/\/blog.eoipso.it\/","name":"Eo Ipso | Blog","description":"","publisher":{"@id":"https:\/\/blog.eoipso.it\/#organization"},"potentialAction":[{"@type":"SearchAction","target":{"@type":"EntryPoint","urlTemplate":"https:\/\/blog.eoipso.it\/?s={search_term_string}"},"query-input":{"@type":"PropertyValueSpecification","valueRequired":true,"valueName":"search_term_string"}}],"inLanguage":"it-IT"},{"@type":"Organization","@id":"https:\/\/blog.eoipso.it\/#organization","name":"Eo Ipso","url":"https:\/\/blog.eoipso.it\/","logo":{"@type":"ImageObject","inLanguage":"it-IT","@id":"https:\/\/blog.eoipso.it\/#\/schema\/logo\/image\/","url":"https:\/\/blog.eoipso.it\/wp-content\/uploads\/2018\/11\/LogoEoipso3.png","contentUrl":"https:\/\/blog.eoipso.it\/wp-content\/uploads\/2018\/11\/LogoEoipso3.png","width":750,"height":450,"caption":"Eo Ipso"},"image":{"@id":"https:\/\/blog.eoipso.it\/#\/schema\/logo\/image\/"},"sameAs":["https:\/\/www.facebook.com\/eoipsocomunicazione\/","https:\/\/x.com\/EoipsoUffstampa","https:\/\/www.youtube.com\/channel\/UC4NS2k_VSfmLY8NkKwys7kw"]},{"@type":"Person","@id":"https:\/\/blog.eoipso.it\/#\/schema\/person\/72b036bde4c0750367455bda01248421","name":"Chiara Porta","sameAs":["http:\/\/www.eoipso.it\/"]}]}},"_links":{"self":[{"href":"https:\/\/blog.eoipso.it\/index.php\/wp-json\/wp\/v2\/posts\/1783","targetHints":{"allow":["GET"]}}],"collection":[{"href":"https:\/\/blog.eoipso.it\/index.php\/wp-json\/wp\/v2\/posts"}],"about":[{"href":"https:\/\/blog.eoipso.it\/index.php\/wp-json\/wp\/v2\/types\/post"}],"author":[{"embeddable":true,"href":"https:\/\/blog.eoipso.it\/index.php\/wp-json\/wp\/v2\/users\/2"}],"replies":[{"embeddable":true,"href":"https:\/\/blog.eoipso.it\/index.php\/wp-json\/wp\/v2\/comments?post=1783"}],"version-history":[{"count":2,"href":"https:\/\/blog.eoipso.it\/index.php\/wp-json\/wp\/v2\/posts\/1783\/revisions"}],"predecessor-version":[{"id":1788,"href":"https:\/\/blog.eoipso.it\/index.php\/wp-json\/wp\/v2\/posts\/1783\/revisions\/1788"}],"wp:featuredmedia":[{"embeddable":true,"href":"https:\/\/blog.eoipso.it\/index.php\/wp-json\/wp\/v2\/media\/1785"}],"wp:attachment":[{"href":"https:\/\/blog.eoipso.it\/index.php\/wp-json\/wp\/v2\/media?parent=1783"}],"wp:term":[{"taxonomy":"category","embeddable":true,"href":"https:\/\/blog.eoipso.it\/index.php\/wp-json\/wp\/v2\/categories?post=1783"},{"taxonomy":"post_tag","embeddable":true,"href":"https:\/\/blog.eoipso.it\/index.php\/wp-json\/wp\/v2\/tags?post=1783"}],"curies":[{"name":"wp","href":"https:\/\/api.w.org\/{rel}","templated":true}]}}