{"id":551,"date":"2018-05-18T15:48:58","date_gmt":"2018-05-18T13:48:58","guid":{"rendered":"http:\/\/blog.eoipso.it\/?p=551"},"modified":"2019-01-15T15:15:37","modified_gmt":"2019-01-15T14:15:37","slug":"gli-avevo-detto-di-non-scriverlo-ma-la-confidenza-col-giornalista-non-esiste","status":"publish","type":"post","link":"https:\/\/blog.eoipso.it\/index.php\/2018\/05\/18\/gli-avevo-detto-di-non-scriverlo-ma-la-confidenza-col-giornalista-non-esiste\/","title":{"rendered":"\u00abGli avevo detto di non scriverlo\u00bb. Ma la confidenza col giornalista non esiste"},"content":{"rendered":"<p>Ci risiamo. Ogni volta che arriva una tornata elettorale c\u2019\u00e8 qualcuno che mi chiama per capire come rimediare al solito articolo in cui sono comparse notizie che non dovevano esserci. Detto che quando la frittata \u00e8 stata servita ai lettori \u00e8 ben difficile sparecchiare la tavola, oggi non voglio occuparmi di queste piccole (o grandi) \u201cmissioni impossibili\u201d, di cui torner\u00f2 a parlare quando tratteremo di comunicazione di crisi. Preferisco stare sul pensiero che ho messo nel titolo, che certamente far\u00e0 incazzare qualche collega, ma che \u00e8 una grande verit\u00e0 nella comunicazione:\u00a0<strong>mai fidarsi dei giornalisti quando si rilasciano dichiarazioni\u00a0<em>off the record<\/em>,<\/strong>\u00a0ovvero a microfono spento. O, per meglio dire,\u00a0<em>in via confidenziale<\/em>.<\/p>\n<p>Non esiste la confidenza nel rapporto con chi si occupa di informazione.<\/p>\n<p>Perch\u00e9,\u00a0<strong>una volta fiutata la pista, il giornalista trover\u00e0 (quasi) sempre il modo di farsela raccontare da qualcun altro<\/strong>. E scatter\u00e0 la pubblicazione.<\/p>\n<p>Ci\u00f2 significa che\u00a0<strong>la confidenza fatta al giornalista non \u00e8 mai un pettegolezzo casuale, ma una chiara forma di comunicazione<\/strong>: \u00e8 un modo per trasmettere una riflessione o un\u2019opinione che non pu\u00f2 diventare ufficiale, ma che aiuta il giornalista a chiarirsi il quadro e gli indica una possibile strada lungo cui trovare notizie (pi\u00f9 o meno) succulente. O, almeno, cos\u00ec \u00e8 per chi si occupa di comunicazione e sa come trattare con i giornalisti.<\/p>\n<p>Per tutti gli altri, che si sono lasciati andare al classico \u00abguardi, glielo dico solo se non lo scrive, perch\u00e9 la verit\u00e0 \u00e8 che \u2026\u00bb, la confidenza diventa sempre (e questa volta senza anteporre il \u201cquasi\u201d) un boomerang. Un siluro imparabile e non pi\u00f9 schivabile.<\/p>\n<p>Cos\u00ec, con questo pensiero della sera, siete avvisati: mai fidarsi dei giornalisti rilasciando dichiarazioni in via confidenziale. A meno che l\u2019obiettivo non sia proprio di veder pubblicato quanto sussurrato.<\/p>\n<p>Ma non offendete l\u2019intelligenza dei giornalisti raccontando balle per screditare qualcuno. Non funziona\u00a0&#x1f609;<\/p>\n<p style=\"text-align: right;\">Marino Pessina<\/p>\n<p style=\"text-align: right;\">Ceo Eo Ipso (<a href=\"http:\/\/www.eoipso.it\/\">www.eoipso.it<\/a>)<\/p>\n","protected":false},"excerpt":{"rendered":"<p>Ci risiamo. Ogni volta che arriva una tornata elettorale c\u2019\u00e8 qualcuno che mi chiama per capire come rimediare al solito articolo in cui sono comparse notizie che non dovevano esserci. Detto che quando la frittata \u00e8 stata servita ai lettori [&hellip;]<\/p>\n","protected":false},"author":2,"featured_media":554,"comment_status":"open","ping_status":"open","sticky":false,"template":"","format":"standard","meta":{"footnotes":""},"categories":[35],"tags":[69,71,49,70,68,41],"class_list":["post-551","post","type-post","status-publish","format-standard","has-post-thumbnail","hentry","category-uffici-stampa","tag-articolo","tag-confidenza","tag-giornalismo","tag-giornalisti","tag-off-the-record","tag-pressoffice"],"yoast_head":"<!-- This site is optimized with the Yoast SEO plugin v27.5 - https:\/\/yoast.com\/product\/yoast-seo-wordpress\/ -->\n<title>\u00abGli avevo detto di non scriverlo\u00bb. Ma la confidenza col giornalista non esiste - Eo Ipso | Blog<\/title>\n<meta name=\"robots\" content=\"index, follow, max-snippet:-1, max-image-preview:large, max-video-preview:-1\" \/>\n<link rel=\"canonical\" href=\"https:\/\/blog.eoipso.it\/index.php\/2018\/05\/18\/gli-avevo-detto-di-non-scriverlo-ma-la-confidenza-col-giornalista-non-esiste\/\" \/>\n<meta property=\"og:locale\" content=\"it_IT\" \/>\n<meta property=\"og:type\" content=\"article\" \/>\n<meta property=\"og:title\" content=\"\u00abGli avevo detto di non scriverlo\u00bb. Ma la confidenza col giornalista non esiste - Eo Ipso | Blog\" \/>\n<meta property=\"og:description\" content=\"Ci risiamo. Ogni volta che arriva una tornata elettorale c\u2019\u00e8 qualcuno che mi chiama per capire come rimediare al solito articolo in cui sono comparse notizie che non dovevano esserci. Detto che quando la frittata \u00e8 stata servita ai lettori [&hellip;]\" \/>\n<meta property=\"og:url\" content=\"https:\/\/blog.eoipso.it\/index.php\/2018\/05\/18\/gli-avevo-detto-di-non-scriverlo-ma-la-confidenza-col-giornalista-non-esiste\/\" \/>\n<meta property=\"og:site_name\" content=\"Eo Ipso | Blog\" \/>\n<meta property=\"article:publisher\" content=\"https:\/\/www.facebook.com\/eoipsocomunicazione\/\" \/>\n<meta property=\"article:published_time\" content=\"2018-05-18T13:48:58+00:00\" \/>\n<meta property=\"article:modified_time\" content=\"2019-01-15T14:15:37+00:00\" \/>\n<meta property=\"og:image\" content=\"https:\/\/blog.eoipso.it\/wp-content\/uploads\/2018\/12\/F71A5BF7-CCFE-99C1-FFDDBC9B4191EC3A.jpeg\" \/>\n\t<meta property=\"og:image:width\" content=\"1280\" \/>\n\t<meta property=\"og:image:height\" content=\"720\" \/>\n\t<meta property=\"og:image:type\" content=\"image\/jpeg\" \/>\n<meta name=\"author\" content=\"Chiara Porta\" \/>\n<meta name=\"twitter:card\" content=\"summary_large_image\" \/>\n<meta name=\"twitter:creator\" content=\"@EoipsoUffstampa\" \/>\n<meta name=\"twitter:site\" content=\"@EoipsoUffstampa\" \/>\n<meta name=\"twitter:label1\" content=\"Scritto da\" \/>\n\t<meta name=\"twitter:data1\" content=\"Chiara Porta\" \/>\n\t<meta name=\"twitter:label2\" content=\"Tempo di lettura stimato\" \/>\n\t<meta name=\"twitter:data2\" content=\"2 minuti\" \/>\n<script type=\"application\/ld+json\" class=\"yoast-schema-graph\">{\"@context\":\"https:\\\/\\\/schema.org\",\"@graph\":[{\"@type\":\"Article\",\"@id\":\"https:\\\/\\\/blog.eoipso.it\\\/index.php\\\/2018\\\/05\\\/18\\\/gli-avevo-detto-di-non-scriverlo-ma-la-confidenza-col-giornalista-non-esiste\\\/#article\",\"isPartOf\":{\"@id\":\"https:\\\/\\\/blog.eoipso.it\\\/index.php\\\/2018\\\/05\\\/18\\\/gli-avevo-detto-di-non-scriverlo-ma-la-confidenza-col-giornalista-non-esiste\\\/\"},\"author\":{\"name\":\"Chiara Porta\",\"@id\":\"https:\\\/\\\/blog.eoipso.it\\\/#\\\/schema\\\/person\\\/72b036bde4c0750367455bda01248421\"},\"headline\":\"\u00abGli avevo detto di non scriverlo\u00bb. Ma la confidenza col giornalista non esiste\",\"datePublished\":\"2018-05-18T13:48:58+00:00\",\"dateModified\":\"2019-01-15T14:15:37+00:00\",\"mainEntityOfPage\":{\"@id\":\"https:\\\/\\\/blog.eoipso.it\\\/index.php\\\/2018\\\/05\\\/18\\\/gli-avevo-detto-di-non-scriverlo-ma-la-confidenza-col-giornalista-non-esiste\\\/\"},\"wordCount\":327,\"commentCount\":0,\"publisher\":{\"@id\":\"https:\\\/\\\/blog.eoipso.it\\\/#organization\"},\"image\":{\"@id\":\"https:\\\/\\\/blog.eoipso.it\\\/index.php\\\/2018\\\/05\\\/18\\\/gli-avevo-detto-di-non-scriverlo-ma-la-confidenza-col-giornalista-non-esiste\\\/#primaryimage\"},\"thumbnailUrl\":\"https:\\\/\\\/blog.eoipso.it\\\/wp-content\\\/uploads\\\/2018\\\/12\\\/F71A5BF7-CCFE-99C1-FFDDBC9B4191EC3A.jpeg\",\"keywords\":[\"articolo\",\"confidenza\",\"giornalismo\",\"giornalisti\",\"off the record\",\"pressoffice\"],\"articleSection\":[\"Uffici Stampa\"],\"inLanguage\":\"it-IT\",\"potentialAction\":[{\"@type\":\"CommentAction\",\"name\":\"Comment\",\"target\":[\"https:\\\/\\\/blog.eoipso.it\\\/index.php\\\/2018\\\/05\\\/18\\\/gli-avevo-detto-di-non-scriverlo-ma-la-confidenza-col-giornalista-non-esiste\\\/#respond\"]}]},{\"@type\":\"WebPage\",\"@id\":\"https:\\\/\\\/blog.eoipso.it\\\/index.php\\\/2018\\\/05\\\/18\\\/gli-avevo-detto-di-non-scriverlo-ma-la-confidenza-col-giornalista-non-esiste\\\/\",\"url\":\"https:\\\/\\\/blog.eoipso.it\\\/index.php\\\/2018\\\/05\\\/18\\\/gli-avevo-detto-di-non-scriverlo-ma-la-confidenza-col-giornalista-non-esiste\\\/\",\"name\":\"\u00abGli avevo detto di non scriverlo\u00bb. Ma la confidenza col giornalista non esiste - Eo Ipso | Blog\",\"isPartOf\":{\"@id\":\"https:\\\/\\\/blog.eoipso.it\\\/#website\"},\"primaryImageOfPage\":{\"@id\":\"https:\\\/\\\/blog.eoipso.it\\\/index.php\\\/2018\\\/05\\\/18\\\/gli-avevo-detto-di-non-scriverlo-ma-la-confidenza-col-giornalista-non-esiste\\\/#primaryimage\"},\"image\":{\"@id\":\"https:\\\/\\\/blog.eoipso.it\\\/index.php\\\/2018\\\/05\\\/18\\\/gli-avevo-detto-di-non-scriverlo-ma-la-confidenza-col-giornalista-non-esiste\\\/#primaryimage\"},\"thumbnailUrl\":\"https:\\\/\\\/blog.eoipso.it\\\/wp-content\\\/uploads\\\/2018\\\/12\\\/F71A5BF7-CCFE-99C1-FFDDBC9B4191EC3A.jpeg\",\"datePublished\":\"2018-05-18T13:48:58+00:00\",\"dateModified\":\"2019-01-15T14:15:37+00:00\",\"breadcrumb\":{\"@id\":\"https:\\\/\\\/blog.eoipso.it\\\/index.php\\\/2018\\\/05\\\/18\\\/gli-avevo-detto-di-non-scriverlo-ma-la-confidenza-col-giornalista-non-esiste\\\/#breadcrumb\"},\"inLanguage\":\"it-IT\",\"potentialAction\":[{\"@type\":\"ReadAction\",\"target\":[\"https:\\\/\\\/blog.eoipso.it\\\/index.php\\\/2018\\\/05\\\/18\\\/gli-avevo-detto-di-non-scriverlo-ma-la-confidenza-col-giornalista-non-esiste\\\/\"]}]},{\"@type\":\"ImageObject\",\"inLanguage\":\"it-IT\",\"@id\":\"https:\\\/\\\/blog.eoipso.it\\\/index.php\\\/2018\\\/05\\\/18\\\/gli-avevo-detto-di-non-scriverlo-ma-la-confidenza-col-giornalista-non-esiste\\\/#primaryimage\",\"url\":\"https:\\\/\\\/blog.eoipso.it\\\/wp-content\\\/uploads\\\/2018\\\/12\\\/F71A5BF7-CCFE-99C1-FFDDBC9B4191EC3A.jpeg\",\"contentUrl\":\"https:\\\/\\\/blog.eoipso.it\\\/wp-content\\\/uploads\\\/2018\\\/12\\\/F71A5BF7-CCFE-99C1-FFDDBC9B4191EC3A.jpeg\",\"width\":1280,\"height\":720},{\"@type\":\"BreadcrumbList\",\"@id\":\"https:\\\/\\\/blog.eoipso.it\\\/index.php\\\/2018\\\/05\\\/18\\\/gli-avevo-detto-di-non-scriverlo-ma-la-confidenza-col-giornalista-non-esiste\\\/#breadcrumb\",\"itemListElement\":[{\"@type\":\"ListItem\",\"position\":1,\"name\":\"Home\",\"item\":\"https:\\\/\\\/blog.eoipso.it\\\/\"},{\"@type\":\"ListItem\",\"position\":2,\"name\":\"\u00abGli avevo detto di non scriverlo\u00bb. Ma la confidenza col giornalista non esiste\"}]},{\"@type\":\"WebSite\",\"@id\":\"https:\\\/\\\/blog.eoipso.it\\\/#website\",\"url\":\"https:\\\/\\\/blog.eoipso.it\\\/\",\"name\":\"Eo Ipso | Blog\",\"description\":\"\",\"publisher\":{\"@id\":\"https:\\\/\\\/blog.eoipso.it\\\/#organization\"},\"potentialAction\":[{\"@type\":\"SearchAction\",\"target\":{\"@type\":\"EntryPoint\",\"urlTemplate\":\"https:\\\/\\\/blog.eoipso.it\\\/?s={search_term_string}\"},\"query-input\":{\"@type\":\"PropertyValueSpecification\",\"valueRequired\":true,\"valueName\":\"search_term_string\"}}],\"inLanguage\":\"it-IT\"},{\"@type\":\"Organization\",\"@id\":\"https:\\\/\\\/blog.eoipso.it\\\/#organization\",\"name\":\"Eo Ipso\",\"url\":\"https:\\\/\\\/blog.eoipso.it\\\/\",\"logo\":{\"@type\":\"ImageObject\",\"inLanguage\":\"it-IT\",\"@id\":\"https:\\\/\\\/blog.eoipso.it\\\/#\\\/schema\\\/logo\\\/image\\\/\",\"url\":\"https:\\\/\\\/blog.eoipso.it\\\/wp-content\\\/uploads\\\/2018\\\/11\\\/LogoEoipso3.png\",\"contentUrl\":\"https:\\\/\\\/blog.eoipso.it\\\/wp-content\\\/uploads\\\/2018\\\/11\\\/LogoEoipso3.png\",\"width\":750,\"height\":450,\"caption\":\"Eo Ipso\"},\"image\":{\"@id\":\"https:\\\/\\\/blog.eoipso.it\\\/#\\\/schema\\\/logo\\\/image\\\/\"},\"sameAs\":[\"https:\\\/\\\/www.facebook.com\\\/eoipsocomunicazione\\\/\",\"https:\\\/\\\/x.com\\\/EoipsoUffstampa\",\"https:\\\/\\\/www.youtube.com\\\/channel\\\/UC4NS2k_VSfmLY8NkKwys7kw\"]},{\"@type\":\"Person\",\"@id\":\"https:\\\/\\\/blog.eoipso.it\\\/#\\\/schema\\\/person\\\/72b036bde4c0750367455bda01248421\",\"name\":\"Chiara Porta\",\"sameAs\":[\"http:\\\/\\\/www.eoipso.it\\\/\"]}]}<\/script>\n<!-- \/ Yoast SEO plugin. -->","yoast_head_json":{"title":"\u00abGli avevo detto di non scriverlo\u00bb. Ma la confidenza col giornalista non esiste - Eo Ipso | Blog","robots":{"index":"index","follow":"follow","max-snippet":"max-snippet:-1","max-image-preview":"max-image-preview:large","max-video-preview":"max-video-preview:-1"},"canonical":"https:\/\/blog.eoipso.it\/index.php\/2018\/05\/18\/gli-avevo-detto-di-non-scriverlo-ma-la-confidenza-col-giornalista-non-esiste\/","og_locale":"it_IT","og_type":"article","og_title":"\u00abGli avevo detto di non scriverlo\u00bb. Ma la confidenza col giornalista non esiste - Eo Ipso | Blog","og_description":"Ci risiamo. Ogni volta che arriva una tornata elettorale c\u2019\u00e8 qualcuno che mi chiama per capire come rimediare al solito articolo in cui sono comparse notizie che non dovevano esserci. Detto che quando la frittata \u00e8 stata servita ai lettori [&hellip;]","og_url":"https:\/\/blog.eoipso.it\/index.php\/2018\/05\/18\/gli-avevo-detto-di-non-scriverlo-ma-la-confidenza-col-giornalista-non-esiste\/","og_site_name":"Eo Ipso | Blog","article_publisher":"https:\/\/www.facebook.com\/eoipsocomunicazione\/","article_published_time":"2018-05-18T13:48:58+00:00","article_modified_time":"2019-01-15T14:15:37+00:00","og_image":[{"width":1280,"height":720,"url":"https:\/\/blog.eoipso.it\/wp-content\/uploads\/2018\/12\/F71A5BF7-CCFE-99C1-FFDDBC9B4191EC3A.jpeg","type":"image\/jpeg"}],"author":"Chiara Porta","twitter_card":"summary_large_image","twitter_creator":"@EoipsoUffstampa","twitter_site":"@EoipsoUffstampa","twitter_misc":{"Scritto da":"Chiara Porta","Tempo di lettura stimato":"2 minuti"},"schema":{"@context":"https:\/\/schema.org","@graph":[{"@type":"Article","@id":"https:\/\/blog.eoipso.it\/index.php\/2018\/05\/18\/gli-avevo-detto-di-non-scriverlo-ma-la-confidenza-col-giornalista-non-esiste\/#article","isPartOf":{"@id":"https:\/\/blog.eoipso.it\/index.php\/2018\/05\/18\/gli-avevo-detto-di-non-scriverlo-ma-la-confidenza-col-giornalista-non-esiste\/"},"author":{"name":"Chiara Porta","@id":"https:\/\/blog.eoipso.it\/#\/schema\/person\/72b036bde4c0750367455bda01248421"},"headline":"\u00abGli avevo detto di non scriverlo\u00bb. Ma la confidenza col giornalista non esiste","datePublished":"2018-05-18T13:48:58+00:00","dateModified":"2019-01-15T14:15:37+00:00","mainEntityOfPage":{"@id":"https:\/\/blog.eoipso.it\/index.php\/2018\/05\/18\/gli-avevo-detto-di-non-scriverlo-ma-la-confidenza-col-giornalista-non-esiste\/"},"wordCount":327,"commentCount":0,"publisher":{"@id":"https:\/\/blog.eoipso.it\/#organization"},"image":{"@id":"https:\/\/blog.eoipso.it\/index.php\/2018\/05\/18\/gli-avevo-detto-di-non-scriverlo-ma-la-confidenza-col-giornalista-non-esiste\/#primaryimage"},"thumbnailUrl":"https:\/\/blog.eoipso.it\/wp-content\/uploads\/2018\/12\/F71A5BF7-CCFE-99C1-FFDDBC9B4191EC3A.jpeg","keywords":["articolo","confidenza","giornalismo","giornalisti","off the record","pressoffice"],"articleSection":["Uffici Stampa"],"inLanguage":"it-IT","potentialAction":[{"@type":"CommentAction","name":"Comment","target":["https:\/\/blog.eoipso.it\/index.php\/2018\/05\/18\/gli-avevo-detto-di-non-scriverlo-ma-la-confidenza-col-giornalista-non-esiste\/#respond"]}]},{"@type":"WebPage","@id":"https:\/\/blog.eoipso.it\/index.php\/2018\/05\/18\/gli-avevo-detto-di-non-scriverlo-ma-la-confidenza-col-giornalista-non-esiste\/","url":"https:\/\/blog.eoipso.it\/index.php\/2018\/05\/18\/gli-avevo-detto-di-non-scriverlo-ma-la-confidenza-col-giornalista-non-esiste\/","name":"\u00abGli avevo detto di non scriverlo\u00bb. Ma la confidenza col giornalista non esiste - Eo Ipso | Blog","isPartOf":{"@id":"https:\/\/blog.eoipso.it\/#website"},"primaryImageOfPage":{"@id":"https:\/\/blog.eoipso.it\/index.php\/2018\/05\/18\/gli-avevo-detto-di-non-scriverlo-ma-la-confidenza-col-giornalista-non-esiste\/#primaryimage"},"image":{"@id":"https:\/\/blog.eoipso.it\/index.php\/2018\/05\/18\/gli-avevo-detto-di-non-scriverlo-ma-la-confidenza-col-giornalista-non-esiste\/#primaryimage"},"thumbnailUrl":"https:\/\/blog.eoipso.it\/wp-content\/uploads\/2018\/12\/F71A5BF7-CCFE-99C1-FFDDBC9B4191EC3A.jpeg","datePublished":"2018-05-18T13:48:58+00:00","dateModified":"2019-01-15T14:15:37+00:00","breadcrumb":{"@id":"https:\/\/blog.eoipso.it\/index.php\/2018\/05\/18\/gli-avevo-detto-di-non-scriverlo-ma-la-confidenza-col-giornalista-non-esiste\/#breadcrumb"},"inLanguage":"it-IT","potentialAction":[{"@type":"ReadAction","target":["https:\/\/blog.eoipso.it\/index.php\/2018\/05\/18\/gli-avevo-detto-di-non-scriverlo-ma-la-confidenza-col-giornalista-non-esiste\/"]}]},{"@type":"ImageObject","inLanguage":"it-IT","@id":"https:\/\/blog.eoipso.it\/index.php\/2018\/05\/18\/gli-avevo-detto-di-non-scriverlo-ma-la-confidenza-col-giornalista-non-esiste\/#primaryimage","url":"https:\/\/blog.eoipso.it\/wp-content\/uploads\/2018\/12\/F71A5BF7-CCFE-99C1-FFDDBC9B4191EC3A.jpeg","contentUrl":"https:\/\/blog.eoipso.it\/wp-content\/uploads\/2018\/12\/F71A5BF7-CCFE-99C1-FFDDBC9B4191EC3A.jpeg","width":1280,"height":720},{"@type":"BreadcrumbList","@id":"https:\/\/blog.eoipso.it\/index.php\/2018\/05\/18\/gli-avevo-detto-di-non-scriverlo-ma-la-confidenza-col-giornalista-non-esiste\/#breadcrumb","itemListElement":[{"@type":"ListItem","position":1,"name":"Home","item":"https:\/\/blog.eoipso.it\/"},{"@type":"ListItem","position":2,"name":"\u00abGli avevo detto di non scriverlo\u00bb. Ma la confidenza col giornalista non esiste"}]},{"@type":"WebSite","@id":"https:\/\/blog.eoipso.it\/#website","url":"https:\/\/blog.eoipso.it\/","name":"Eo Ipso | Blog","description":"","publisher":{"@id":"https:\/\/blog.eoipso.it\/#organization"},"potentialAction":[{"@type":"SearchAction","target":{"@type":"EntryPoint","urlTemplate":"https:\/\/blog.eoipso.it\/?s={search_term_string}"},"query-input":{"@type":"PropertyValueSpecification","valueRequired":true,"valueName":"search_term_string"}}],"inLanguage":"it-IT"},{"@type":"Organization","@id":"https:\/\/blog.eoipso.it\/#organization","name":"Eo Ipso","url":"https:\/\/blog.eoipso.it\/","logo":{"@type":"ImageObject","inLanguage":"it-IT","@id":"https:\/\/blog.eoipso.it\/#\/schema\/logo\/image\/","url":"https:\/\/blog.eoipso.it\/wp-content\/uploads\/2018\/11\/LogoEoipso3.png","contentUrl":"https:\/\/blog.eoipso.it\/wp-content\/uploads\/2018\/11\/LogoEoipso3.png","width":750,"height":450,"caption":"Eo Ipso"},"image":{"@id":"https:\/\/blog.eoipso.it\/#\/schema\/logo\/image\/"},"sameAs":["https:\/\/www.facebook.com\/eoipsocomunicazione\/","https:\/\/x.com\/EoipsoUffstampa","https:\/\/www.youtube.com\/channel\/UC4NS2k_VSfmLY8NkKwys7kw"]},{"@type":"Person","@id":"https:\/\/blog.eoipso.it\/#\/schema\/person\/72b036bde4c0750367455bda01248421","name":"Chiara Porta","sameAs":["http:\/\/www.eoipso.it\/"]}]}},"_links":{"self":[{"href":"https:\/\/blog.eoipso.it\/index.php\/wp-json\/wp\/v2\/posts\/551","targetHints":{"allow":["GET"]}}],"collection":[{"href":"https:\/\/blog.eoipso.it\/index.php\/wp-json\/wp\/v2\/posts"}],"about":[{"href":"https:\/\/blog.eoipso.it\/index.php\/wp-json\/wp\/v2\/types\/post"}],"author":[{"embeddable":true,"href":"https:\/\/blog.eoipso.it\/index.php\/wp-json\/wp\/v2\/users\/2"}],"replies":[{"embeddable":true,"href":"https:\/\/blog.eoipso.it\/index.php\/wp-json\/wp\/v2\/comments?post=551"}],"version-history":[{"count":2,"href":"https:\/\/blog.eoipso.it\/index.php\/wp-json\/wp\/v2\/posts\/551\/revisions"}],"predecessor-version":[{"id":643,"href":"https:\/\/blog.eoipso.it\/index.php\/wp-json\/wp\/v2\/posts\/551\/revisions\/643"}],"wp:featuredmedia":[{"embeddable":true,"href":"https:\/\/blog.eoipso.it\/index.php\/wp-json\/wp\/v2\/media\/554"}],"wp:attachment":[{"href":"https:\/\/blog.eoipso.it\/index.php\/wp-json\/wp\/v2\/media?parent=551"}],"wp:term":[{"taxonomy":"category","embeddable":true,"href":"https:\/\/blog.eoipso.it\/index.php\/wp-json\/wp\/v2\/categories?post=551"},{"taxonomy":"post_tag","embeddable":true,"href":"https:\/\/blog.eoipso.it\/index.php\/wp-json\/wp\/v2\/tags?post=551"}],"curies":[{"name":"wp","href":"https:\/\/api.w.org\/{rel}","templated":true}]}}